{"id":884,"date":"2020-02-06T11:43:33","date_gmt":"2020-02-06T10:43:33","guid":{"rendered":"http:\/\/www.ulvangsvegen.no\/?p=884"},"modified":"2020-02-06T11:43:33","modified_gmt":"2020-02-06T10:43:33","slug":"loypekjoring-i-ulvangsvegen","status":"publish","type":"post","link":"https:\/\/www.ulvangsvegen.no\/?p=884","title":{"rendered":"L\u00f8ypekj\u00f8ring i Ulvangsvegen"},"content":{"rendered":"\n<p><\/p>\n\n\n\n<p>Styret i Ulvangsvegen er gjennom politiet gjort kjent med at f\u00f8rer av L\u00f8ypelagets l\u00f8ypemaskin er politanmeldt av en av veilagets medlemmer for \u00abulovlig l\u00f8ypekj\u00f8ring\u00bb p\u00e5 Ulvangsvegen. Styret fikk i h\u00f8st ogs\u00e5 henstilling fra \u00abArbeidsgruppe for hel\u00e5rsvei p\u00e5 Ulvangsvegen\u00bb om \u00e5 nekte l\u00f8ypekj\u00f8ring for vinteren 2019-2020. L\u00f8ypekj\u00f8ringen er ogs\u00e5 tidligere anmeldt, da med bakgrunn i manglende tillatelse fra grunneiere, men denne anmeldelsen ble senere henlagt. <\/p>\n\n\n\n<p>Styrets holdning til dette er at UVV forholder seg til gjeldende reguleringsplan, som senest ble stadfestet av H\u00f8yesterett i \u00abbr\u00f8ytesaken\u00bb, og som regulerer veien til vinterskil\u00f8ype. UVVs styre har ansvar for vedlikehold av veien og kan p\u00e5 det grunnlag nekte l\u00f8ypekj\u00f8ring, noe vi har vurdert ikke er n\u00f8dvendig i \u00e5r. Tillatelse til maskinell sporsetting gis av Sel Kommune som ogs\u00e5 har ansvar for \u00e5 innhente grunneieres samtykke til dette. P\u00e5 denne bakgrunn anser derfor UVVs styre p\u00e5g\u00e5ende tvist om l\u00f8ypekj\u00f8ring som en sak mellom L\u00f8ypelag, Sel Kommune og ber\u00f8rte grunneiere, UVV er ikke part i dette.<\/p>\n\n\n\n<p>6.2.2020 Arne Tenningen <\/p>\n","protected":false},"excerpt":{"rendered":"<p>Styret i Ulvangsvegen er gjennom politiet gjort kjent med at f\u00f8rer av L\u00f8ypelagets l\u00f8ypemaskin er politanmeldt av en av veilagets medlemmer for \u00abulovlig l\u00f8ypekj\u00f8ring\u00bb p\u00e5 Ulvangsvegen. Styret fikk i h\u00f8st ogs\u00e5 henstilling fra \u00abArbeidsgruppe for hel\u00e5rsvei p\u00e5 Ulvangsvegen\u00bb om \u00e5 &hellip; <a href=\"https:\/\/www.ulvangsvegen.no\/?p=884\">Les videre <span class=\"meta-nav\">&rarr;<\/span><\/a><\/p>\n","protected":false},"author":7,"featured_media":0,"comment_status":"closed","ping_status":"closed","sticky":false,"template":"","format":"standard","meta":{"footnotes":""},"categories":[1],"tags":[],"class_list":["post-884","post","type-post","status-publish","format-standard","hentry","category-ukategorisert"],"_links":{"self":[{"href":"https:\/\/www.ulvangsvegen.no\/index.php?rest_route=\/wp\/v2\/posts\/884","targetHints":{"allow":["GET"]}}],"collection":[{"href":"https:\/\/www.ulvangsvegen.no\/index.php?rest_route=\/wp\/v2\/posts"}],"about":[{"href":"https:\/\/www.ulvangsvegen.no\/index.php?rest_route=\/wp\/v2\/types\/post"}],"author":[{"embeddable":true,"href":"https:\/\/www.ulvangsvegen.no\/index.php?rest_route=\/wp\/v2\/users\/7"}],"replies":[{"embeddable":true,"href":"https:\/\/www.ulvangsvegen.no\/index.php?rest_route=%2Fwp%2Fv2%2Fcomments&post=884"}],"version-history":[{"count":1,"href":"https:\/\/www.ulvangsvegen.no\/index.php?rest_route=\/wp\/v2\/posts\/884\/revisions"}],"predecessor-version":[{"id":885,"href":"https:\/\/www.ulvangsvegen.no\/index.php?rest_route=\/wp\/v2\/posts\/884\/revisions\/885"}],"wp:attachment":[{"href":"https:\/\/www.ulvangsvegen.no\/index.php?rest_route=%2Fwp%2Fv2%2Fmedia&parent=884"}],"wp:term":[{"taxonomy":"category","embeddable":true,"href":"https:\/\/www.ulvangsvegen.no\/index.php?rest_route=%2Fwp%2Fv2%2Fcategories&post=884"},{"taxonomy":"post_tag","embeddable":true,"href":"https:\/\/www.ulvangsvegen.no\/index.php?rest_route=%2Fwp%2Fv2%2Ftags&post=884"}],"curies":[{"name":"wp","href":"https:\/\/api.w.org\/{rel}","templated":true}]}}