{"id":783,"date":"2019-03-12T14:53:30","date_gmt":"2019-03-12T13:53:30","guid":{"rendered":"http:\/\/www.ulvangsvegen.no\/?p=783"},"modified":"2019-04-05T09:05:44","modified_gmt":"2019-04-05T08:05:44","slug":"arsmote-2019","status":"publish","type":"post","link":"https:\/\/www.ulvangsvegen.no\/?p=783","title":{"rendered":"\u00c5rsm\u00f8te 2019"},"content":{"rendered":"<div>\n<p><span style=\"color: #000000; font-family: Calibri;\"><b><i>0304 2019. Dersom noen har betalt kontingent for 2018, og ikke f\u00e5tt tilsendt \u00e5rsm\u00f8tepapirer, kontakt Villy 91720245, epost; vil-giv@online.no.\u00a0\u00a0\u00a0\u00a0\u00a0\u00a0\u00a0 29.03 2019. Styreleder beklager at endelig innkalling til \u00e5rsm\u00f8te, blir utsendt et par dager etter fristen.\u00a0\u00a0\u00a0\u00a0\u00a0 NB; Siste frist for innlevering av saker , som \u00f8nskes behandlet p\u00e5 \u00e5rsm\u00f8te er 2103 kl.2359 2019.\u00a0\u00a0\u00a0\u00a0\u00a0 Disse styremedlemmer er p\u00e5 valg; Svein Ulvolden,\u00a0\u00a0Tage Johansen,\u00a0\u00a0 styreleder Villy Giverhaug,\u00a0 \u00a0p\u00e5 valg fra valgkomiteen; Astrid A. Hug. \u00c5rsm\u00f8te skj\u00e6rtorsdag kl. 16.00 Rondane H.H.<\/i><\/b><\/span><\/p>\n<p>04.04.2019.\u00a0 \u00d8nsker du \u00e5 vite hvem som har sagt ja til gjenvalg,er det kun valgkomiteen(if\u00f8lge dem selv)som har myndighet til \u00e5 utlevere slike opplysninger.<\/p>\n<p>Valgkomiteen \u00f8nsket\u00a0 ikke offentliggj\u00f8ring av disse f\u00f8r \u00e5rsm\u00f8tet.<\/p>\n<p><span style=\"color: #000000; font-family: Calibri;\"><b><i>Styreleder Villy Giverhaug. <\/i><\/b><\/span><\/p>\n<\/div>\n<p>02.04. 2019. Valgkomiteens innstilling blir lagt frem p\u00e5 \u00e5rsm\u00f8tet.<\/p>\n<p>&nbsp;<\/p>\n<div>\n<p><span style=\"color: #000000; font-family: Calibri;\"><b><i>\u00a0\u00a0\u00a0\u00a0\u00a0\u00a0\u00a0\u00a0<\/i><\/b><\/span><\/p>\n<p><span style=\"font-family: Calibri;\"><span style=\"color: #000000;\"><b><i>Valgkomiteen \u00f8nsker p\u00e5 denne m\u00e5ten \u00e5 n\u00e5 ut til alle medlemmene av Ulvangsvegens veglag da de tradisjonelle ringerundene erfaringsmessig ikke n\u00e5r alle.\u00a0\u00a0<\/i><\/b><\/span><\/span><\/p>\n<p><span style=\"font-family: Calibri;\"><span style=\"color: #000000;\"><b><i>Vi s\u00f8ker\u00a0<u>\u00e5penhjertige, etterrettelige og\u00a0<\/u>entusiastiske medlemmer som \u00f8nsker \u00e5 bidra i den<u>\u00a0relasjonelle og<\/u>\u00a0administrative driften av veilaget.\u00a0\u00a0Form\u00e5let i veilaget st\u00e5r i vedtektenes \u00a7 2; \u201dLagets form\u00e5l er \u00e5 utbedre og vedlikeholde Ulvangsvegen i Sel kommune\u201d.\u00a0\u00a0Det p\u00e5ligger ogs\u00e5 styret \u00e5 holde medlemmer og brukere av veien informert om forhold knyttet til veien p\u00e5 vegens hjemmeside n\u00e5r dette er n\u00f8dvendig.\u00a0\u00a0<\/i><\/b><\/span><\/span><\/p>\n<p><span style=\"color: #000000; font-family: Calibri;\"><b><i>Den p\u00e5g\u00e5ende rettsaken knyttet til Ulvangsvegen styrker behovet for \u00e5 finne styremedlemmer som har til hensikt \u00e5 f\u00f8lge lagets vedtekter inntil en endelig avgj\u00f8relse om Ulvangsvegens videre bruk og drift er avgjort.<\/i><\/b><\/span><\/p>\n<\/div>\n<div>\n<p><span style=\"color: #000000; font-family: Calibri;\"><b><i>Med dette som grunnlag s\u00f8kes det etter personer som \u00f8nsker \u00e5 gj\u00f8re en innsats i veilaget de neste to \u00e5r. Som referert fra \u00e5rsm\u00f8tet 2018 er det for 2019<br \/>\n<\/i><\/b><\/span><b><i>to styremedlemmer og\u00a0 styreleder p\u00e5 valg.\u00a0<\/i><\/b><\/p>\n<p><span style=\"color: #000000; font-family: Calibri;\"><b><i>Er du interessert eller kjenner noen som er interessert vennligst sendt mail til valgkomiteen ved<\/i><\/b><\/span><\/p>\n<p><span style=\"color: #000000; font-family: Calibri;\"><b><i>Kjetil Flaatedal\u00a0\u00a0og Astrid Arnesen Hug<\/i><\/b><\/span><\/p>\n<p><span style=\"font-family: Calibri;\"><span style=\"color: #000000;\"><b><i>kjetil.flaatedal@gmail.com\u00a0og\u00a0arnesenhug@yahoo.no\u00a0\u00a0<\/i><\/b><\/span><\/span><\/p>\n<\/div>\n","protected":false},"excerpt":{"rendered":"<p>0304 2019. Dersom noen har betalt kontingent for 2018, og ikke f\u00e5tt tilsendt \u00e5rsm\u00f8tepapirer, kontakt Villy 91720245, epost; vil-giv@online.no.\u00a0\u00a0\u00a0\u00a0\u00a0\u00a0\u00a0 29.03 2019. Styreleder beklager at endelig innkalling til \u00e5rsm\u00f8te, blir utsendt et par dager etter fristen.\u00a0\u00a0\u00a0\u00a0\u00a0 NB; Siste frist for innlevering &hellip; <a href=\"https:\/\/www.ulvangsvegen.no\/?p=783\">Les videre <span class=\"meta-nav\">&rarr;<\/span><\/a><\/p>\n","protected":false},"author":1,"featured_media":0,"comment_status":"closed","ping_status":"closed","sticky":false,"template":"","format":"standard","meta":{"footnotes":""},"categories":[1],"tags":[],"class_list":["post-783","post","type-post","status-publish","format-standard","hentry","category-ukategorisert"],"_links":{"self":[{"href":"https:\/\/www.ulvangsvegen.no\/index.php?rest_route=\/wp\/v2\/posts\/783","targetHints":{"allow":["GET"]}}],"collection":[{"href":"https:\/\/www.ulvangsvegen.no\/index.php?rest_route=\/wp\/v2\/posts"}],"about":[{"href":"https:\/\/www.ulvangsvegen.no\/index.php?rest_route=\/wp\/v2\/types\/post"}],"author":[{"embeddable":true,"href":"https:\/\/www.ulvangsvegen.no\/index.php?rest_route=\/wp\/v2\/users\/1"}],"replies":[{"embeddable":true,"href":"https:\/\/www.ulvangsvegen.no\/index.php?rest_route=%2Fwp%2Fv2%2Fcomments&post=783"}],"version-history":[{"count":11,"href":"https:\/\/www.ulvangsvegen.no\/index.php?rest_route=\/wp\/v2\/posts\/783\/revisions"}],"predecessor-version":[{"id":801,"href":"https:\/\/www.ulvangsvegen.no\/index.php?rest_route=\/wp\/v2\/posts\/783\/revisions\/801"}],"wp:attachment":[{"href":"https:\/\/www.ulvangsvegen.no\/index.php?rest_route=%2Fwp%2Fv2%2Fmedia&parent=783"}],"wp:term":[{"taxonomy":"category","embeddable":true,"href":"https:\/\/www.ulvangsvegen.no\/index.php?rest_route=%2Fwp%2Fv2%2Fcategories&post=783"},{"taxonomy":"post_tag","embeddable":true,"href":"https:\/\/www.ulvangsvegen.no\/index.php?rest_route=%2Fwp%2Fv2%2Ftags&post=783"}],"curies":[{"name":"wp","href":"https:\/\/api.w.org\/{rel}","templated":true}]}}