{"id":766,"date":"2019-01-27T17:16:24","date_gmt":"2019-01-27T16:16:24","guid":{"rendered":"http:\/\/www.ulvangsvegen.no\/?p=766"},"modified":"2019-04-10T12:40:41","modified_gmt":"2019-04-10T11:40:41","slug":"siste-nytt-2","status":"publish","type":"post","link":"https:\/\/www.ulvangsvegen.no\/?p=766","title":{"rendered":"Siste nytt"},"content":{"rendered":"<p>10.04 2019. Kulde om netn, f\u00f8rer til knallharde l\u00f8yper p\u00e5 formiddag og etter solnedgang. Skaref\u00f8re ellers.\u00a0\u00a0\u00a0 27.01 Husk frist sp\u00f8rreunders\u00f8kelse 0102 2019.\u00a0\u00a0\u00a0\u00a0 19.01. Gikk eftas tur, bra spor i Ulvangen, men bl\u00e5ser fort igjen.Siste 500 m opp til Berget ikke kj\u00f8rt, men det har kun v\u00e6rt kj\u00f8rt sporadisk andre vintre au.\u00a0\u00a0\u00a0 NB; bruk kommetar felt, dersom du er usikker p\u00e5 noe.(sp\u00f8rreunders\u00f8kelse)For eksempel kan du ha hel\u00e5rsvei, men ikke \u00f8nske at resten av UVV skal v\u00e6re br\u00f8yta.\u00a0 14.01 Medlemsbrev med sp\u00f8rreunders\u00f8kelse, er utsendt. De som ikke har motatt ,kontakt meg 91720245.\u00a0\u00a0\u00a0\u00a0\u00a0\u00a0\u00a0\u00a0\u00a0\u00a0 10.01Styret i UVV\u00a0v\/ styreleder har intet m\u00e5l om \u00e5 &laquo;kaste&raquo; l\u00f8ypelaget ut av UVV,ei heller anmelde l\u00f8ypelaget i forbindelse med bruk av tr\u00e5kkemaskin i UVV. Vi har en grei avtale , som begge parter skal forholde seg til. Dette til orientering for de som via diverse media, skulle tro noe s\u00e5 &laquo;g\u00e6li&raquo; om oss.\u00a0\u00a0 \u00a018.00\u00a0Fikk nettopp sms om at det var kj\u00f8rt om Bergetj\u00f8nn. Jeg gikk hele veien , kunne ikke se det var kj\u00f8rt ut i terrenget, ei heller noe sporsetting i trase mot Bergetj\u00f8nn,\u00a0men l\u00f8ypekj\u00f8rer hevder han har kj\u00f8rt der i dag tidlig, og tror han p\u00e5 det.17.00\u00a0\u00a0\u00a0\u00a0\u00a0\u00a0 Uvv vart i dag tidlig kj\u00f8rt fra bunn til topps, kun i vegbanen, med tr\u00e5kkemaskin. Forholdene med is og lite sn\u00f8, gjorde sporsetting umulig, s\u00e5le var der fra f\u00f8r(br\u00f8ytt)<\/p>\n<p>Det vart ikke kj\u00f8rt ut i terrenget(om Bergetj\u00f8nn), for lite sn\u00f8. Aldri f\u00f8r v\u00e6rt kj\u00f8rt kun etter vegen opp og ned, som jeg vet om, au spesielt n\u00e5r sporsetting som nevnt var umulig.<\/p>\n<p>Mitt r\u00e5d til l\u00f8ypelaget, om \u00e5 skaffe seg tillatelse fra 4 navngitte personer i g\u00e5r kveld, ble ikke fulgt av l\u00f8ypelagets leder.<\/p>\n<p>\u00c5 da beordre l\u00f8ypekj\u00f8rer kun til \u00e5 kj\u00f8re i vegen utifra r\u00e5dende forhold, forundrer oss noe?<\/p>\n<p>Villy<\/p>\n","protected":false},"excerpt":{"rendered":"<p>10.04 2019. Kulde om netn, f\u00f8rer til knallharde l\u00f8yper p\u00e5 formiddag og etter solnedgang. Skaref\u00f8re ellers.\u00a0\u00a0\u00a0 27.01 Husk frist sp\u00f8rreunders\u00f8kelse 0102 2019.\u00a0\u00a0\u00a0\u00a0 19.01. Gikk eftas tur, bra spor i Ulvangen, men bl\u00e5ser fort igjen.Siste 500 m opp til Berget ikke &hellip; <a href=\"https:\/\/www.ulvangsvegen.no\/?p=766\">Les videre <span class=\"meta-nav\">&rarr;<\/span><\/a><\/p>\n","protected":false},"author":1,"featured_media":0,"comment_status":"closed","ping_status":"closed","sticky":false,"template":"","format":"standard","meta":{"footnotes":""},"categories":[1],"tags":[],"class_list":["post-766","post","type-post","status-publish","format-standard","hentry","category-ukategorisert"],"_links":{"self":[{"href":"https:\/\/www.ulvangsvegen.no\/index.php?rest_route=\/wp\/v2\/posts\/766","targetHints":{"allow":["GET"]}}],"collection":[{"href":"https:\/\/www.ulvangsvegen.no\/index.php?rest_route=\/wp\/v2\/posts"}],"about":[{"href":"https:\/\/www.ulvangsvegen.no\/index.php?rest_route=\/wp\/v2\/types\/post"}],"author":[{"embeddable":true,"href":"https:\/\/www.ulvangsvegen.no\/index.php?rest_route=\/wp\/v2\/users\/1"}],"replies":[{"embeddable":true,"href":"https:\/\/www.ulvangsvegen.no\/index.php?rest_route=%2Fwp%2Fv2%2Fcomments&post=766"}],"version-history":[{"count":9,"href":"https:\/\/www.ulvangsvegen.no\/index.php?rest_route=\/wp\/v2\/posts\/766\/revisions"}],"predecessor-version":[{"id":805,"href":"https:\/\/www.ulvangsvegen.no\/index.php?rest_route=\/wp\/v2\/posts\/766\/revisions\/805"}],"wp:attachment":[{"href":"https:\/\/www.ulvangsvegen.no\/index.php?rest_route=%2Fwp%2Fv2%2Fmedia&parent=766"}],"wp:term":[{"taxonomy":"category","embeddable":true,"href":"https:\/\/www.ulvangsvegen.no\/index.php?rest_route=%2Fwp%2Fv2%2Fcategories&post=766"},{"taxonomy":"post_tag","embeddable":true,"href":"https:\/\/www.ulvangsvegen.no\/index.php?rest_route=%2Fwp%2Fv2%2Ftags&post=766"}],"curies":[{"name":"wp","href":"https:\/\/api.w.org\/{rel}","templated":true}]}}