{"id":719,"date":"2018-12-31T08:05:25","date_gmt":"2018-12-31T07:05:25","guid":{"rendered":"http:\/\/www.ulvangsvegen.no\/?p=719"},"modified":"2019-01-06T15:26:13","modified_gmt":"2019-01-06T14:26:13","slug":"broyting-av-ulvangsvegen","status":"publish","type":"post","link":"https:\/\/www.ulvangsvegen.no\/?p=719","title":{"rendered":"Br\u00f8yting av Ulvangsvegen"},"content":{"rendered":"<p>0601.Styret har bedd&raquo; br\u00f8ytemannskapet&raquo; om \u00e5 la v\u00e6re \u00e5 br\u00f8yte, samtidig gi oss et hint dersom de akter \u00e5 br\u00f8yte, slik at vi kan holde dere orientert.\u00a0\u00a0\u00a0 0501 kl. 16-17 2019.Is og drivsn\u00f8 i vegen, ok for g\u00e5ende, eller syklende med piggdekk. N\u00e5 vil oppdateringer skje mindre hyppig. Villy.\u00a0\u00a0\u00a0 0401 kl.22.00 2019. 3C+, ikke br\u00f8yta veg i &laquo;skil\u00f8ypa&raquo;, men d\u00e5rlige f\u00f8reforhold. Villy\u00a0 14-1600.31.12 null grader, regn sludd, nybr\u00f8ytt veg, d\u00e5rlig forhold for ski(g\u00e5r s\u00e5 vidt an)lys i et par hytter p\u00e5 Berget og noen f\u00e5 hytter p\u00e5 begge sia av Ula.Villy<\/p>\n<p>29.12 1500-1700.Ingen endringer i f\u00f8reforhold\/temp.For vel 1 mnd siden ble jeg spurt av en repr i valgkomiteen, for UVV, om \u00e5 stille til gjenvalg. Jeg ville komme tilbake med svar i begynnelsen av januar. Etter samtale med familien(EVA), og de spennende utfordringer som ligger i sporet fremover er saken klar. Jeg stiller min kompetanse til r\u00e5dighet p\u00e5 \u00e5rsm\u00f8te , skj\u00e6rtorsdag 2019.Villy\u00a0\u00a0\u00a0\u00a0\u00a0\u00a0 .Traff Rolv,\u00a0med kj\u00f8reoppdrag etter UVV, det g\u00e5r an sa han,men p\u00e5 grensa,kan lugge litt.Parkerte biler ved Ula samt p\u00e5 2 av 3 fellesparkeringer oppe p\u00e5 Berget.P\u00e5\u00a0Berget\u00a0er det da folk i hytter, som b\u00e5de har kj\u00f8rt bil opp og noen har tatt scooter opp. og noen har kj\u00f8rt opp og senere parkert p\u00e5 Mysus\u00e6ter.\u00a0\u00a0\u00a0\u00a0\u00a0\u00a0\u00a0\u00a0\u00a0\u00a0\u00a0\u00a0\u00a0\u00a0\u00a0\u00a0\u00a0\u00a0 Villy<\/p>\n<p>27.12.fra 1500-1630.Spasert opp til Berget,\u00a0litt sn\u00f8 i vegen,m\u00f8tte 9 skil\u00f8pere\u00a0p\u00e5 ski i vegen, 1 bil, 2 g\u00e5ende,1 med hundespann(f\u00f8rer p\u00e5 ski),(lettere sn\u00f8fall siste d\u00f8gnet gjorde skig\u00e5ing noen lunde.P\u00e5 vei ned(ved pumphuset p\u00e5 Berget)\u00a0m\u00f8tte\u00a0jeg en livsglad dame i beste alder,ho hadde kj\u00f8rt 500m(med ski)\u00a0 nedover\u00a0vegen fra TOPPEN,g\u00e5tt av vegen og fulgt skitrase til Bergetj\u00f8nn(her hadde scooter kj\u00f8rt), over til Glitterdalen, fram att Furusj\u00f8vegen og opp igjen i vegen til toppen, med ski p\u00e5 beina. Skil\u00f8ypa i UVV er ingen skitrase isolert sett. Her legges spor n\u00e5r sn\u00f8dybden er s\u00e5pass at de kj\u00f8rer av vegen(200m ovenfor krysset til Berget) og ut i terrenget mot Bergetj\u00f8nn.Hittil har det v\u00e6rt for lite sn\u00f8 til denne runda.(-1c).\u00a0 \u00a06.12 kl. 1900.(-1c) Oppbr\u00f8ytt veg til toppen, hvorav parkering ved Ula og p\u00e5\u00a0toppen var delvis br\u00f8ytet.Fint \u00e5 g\u00e5 med vintersko(tror ikke jeg har gjort det p\u00e5 denne tida f\u00f8r), d\u00e5rlig forhold for skig\u00e5ing, fine kj\u00f8reforhold.(men ved vind, b\u00e5ser det fort igjen).Jeg oppdaterer daglig.\u00a0Antageligvis br\u00f8yting fram til 0401 2019?.<\/p>\n<p>25.12 kl15.00.Fortsatt for lite sn\u00f8 b\u00e5de i vegen og terrenget til \u00e5 lage spor UVV-Bergetj\u00f8nn, bl\u00e5ser igjen i vegen p\u00e5 flere plasser, utrygt \u00e5 kj\u00f8re innover UVV.Br\u00f8yting vil fortsette, slik at dere som pr.d.d er i\u00a0,UVV\u00a0kommer dere\u00a0 ut igjen. Geir S.\u00a0 har en masse sp\u00f8rsm\u00e5l(Mysuseter vel sia)Dette har ikke styret noen befatning med.<\/p>\n<p>22.12 2018.Skal du p\u00e5 hytta, kanskje eventuelt kj\u00f8r inn,kast av saker, kj\u00f8r ut igjen\u00a0og parker hos Randi, Roy Frode,eller Rolf.&raquo;Ryktene&raquo;\u00a0sier at vegen blir br\u00f8yta mot helger, h\u00f8gtider.Noen har konkret f\u00e5tt info, samt&raquo; br\u00f8ytebudsjett&raquo; p\u00e5 mail tidligere i h\u00f8st.\u00a0Harald Fagereng, sier i et Facebook innlegg at br\u00f8yting kom for meg(undertegnede) som julekvelden p\u00e5 kjerringa.(Det gjorde den ikke)\u00a0Jeg har fulgt begge&raquo; rettsakene&raquo;(fysisk tilstede)Helge Farsund, har ved flere anledninger(mail) hevdet overfor oss, Sel k og l\u00f8ypelaget, siste \u00e5ret, at vegen ville bli br\u00f8ytet.Uthevelsen p\u00e5 hjemmesia(tidligere) burde derfor v\u00e6rt; for noen kom br\u00f8yting som julekvelden p\u00e5 kjerringa.(jeg beklager)\u00a0\u00a0Villy.\u00a010.12(tlf 91720245).\u00a0\u00a0\u00a0 Vegen var br\u00f8ytet opp til Berget igjen, men n\u00e5 et smalere spor. (kl. 1630)<\/p>\n<p>Styret har ikke bestilt br\u00f8yting, og har heller ikke pr. dags dato<br \/>\nfullmakt til det.<\/p>\n<p>Om br\u00f8ytinga fortsetter, vet vi ikke annet enn hva Farsund tidligere har<br \/>\nannonsert; vil br\u00f8yte i vinter.<\/p>\n<p>Styret har sendt f\u00f8lgende oppfordring til Helge Farsund:<\/p>\n<p><em>Styret oppfordrer dere til \u00e5 vente med br\u00f8yting innev\u00e6rende sesong\u00a0<\/em><em><br \/>\n(da dette kom som julekvelden p\u00e5 kjerringa)., eller i og med at<br \/>\nskitrasealternativ\u00a0ikke er oppe og g\u00e5r?<\/em><\/p>\n<p>Styret kan ikke innlate seg p\u00e5 noen juridiske vurderinger.<\/p>\n<p>Styret vil ogs\u00e5 samarbeide positivt fremover, innenfor v\u00e5re fullmakter,<br \/>\nmed hva som m\u00e5tte komme av utspill fra Sel kommune.<\/p>\n<p>Styret i Ulvangsvegen<\/p>\n<p>Styreleder<\/p>\n<p>Villy Giverhaug<\/p>\n","protected":false},"excerpt":{"rendered":"<p>0601.Styret har bedd&raquo; br\u00f8ytemannskapet&raquo; om \u00e5 la v\u00e6re \u00e5 br\u00f8yte, samtidig gi oss et hint dersom de akter \u00e5 br\u00f8yte, slik at vi kan holde dere orientert.\u00a0\u00a0\u00a0 0501 kl. 16-17 2019.Is og drivsn\u00f8 i vegen, ok for g\u00e5ende, eller syklende &hellip; <a href=\"https:\/\/www.ulvangsvegen.no\/?p=719\">Les videre <span class=\"meta-nav\">&rarr;<\/span><\/a><\/p>\n","protected":false},"author":1,"featured_media":0,"comment_status":"closed","ping_status":"closed","sticky":false,"template":"","format":"standard","meta":{"footnotes":""},"categories":[1],"tags":[],"class_list":["post-719","post","type-post","status-publish","format-standard","hentry","category-ukategorisert"],"_links":{"self":[{"href":"https:\/\/www.ulvangsvegen.no\/index.php?rest_route=\/wp\/v2\/posts\/719","targetHints":{"allow":["GET"]}}],"collection":[{"href":"https:\/\/www.ulvangsvegen.no\/index.php?rest_route=\/wp\/v2\/posts"}],"about":[{"href":"https:\/\/www.ulvangsvegen.no\/index.php?rest_route=\/wp\/v2\/types\/post"}],"author":[{"embeddable":true,"href":"https:\/\/www.ulvangsvegen.no\/index.php?rest_route=\/wp\/v2\/users\/1"}],"replies":[{"embeddable":true,"href":"https:\/\/www.ulvangsvegen.no\/index.php?rest_route=%2Fwp%2Fv2%2Fcomments&post=719"}],"version-history":[{"count":24,"href":"https:\/\/www.ulvangsvegen.no\/index.php?rest_route=\/wp\/v2\/posts\/719\/revisions"}],"predecessor-version":[{"id":763,"href":"https:\/\/www.ulvangsvegen.no\/index.php?rest_route=\/wp\/v2\/posts\/719\/revisions\/763"}],"wp:attachment":[{"href":"https:\/\/www.ulvangsvegen.no\/index.php?rest_route=%2Fwp%2Fv2%2Fmedia&parent=719"}],"wp:term":[{"taxonomy":"category","embeddable":true,"href":"https:\/\/www.ulvangsvegen.no\/index.php?rest_route=%2Fwp%2Fv2%2Fcategories&post=719"},{"taxonomy":"post_tag","embeddable":true,"href":"https:\/\/www.ulvangsvegen.no\/index.php?rest_route=%2Fwp%2Fv2%2Ftags&post=719"}],"curies":[{"name":"wp","href":"https:\/\/api.w.org\/{rel}","templated":true}]}}