{"id":711,"date":"2018-11-20T07:40:48","date_gmt":"2018-11-20T06:40:48","guid":{"rendered":"http:\/\/www.ulvangsvegen.no\/?p=711"},"modified":"2018-11-20T11:14:30","modified_gmt":"2018-11-20T10:14:30","slug":"hostbrev-staus-q-for-ulvangsvegen","status":"publish","type":"post","link":"https:\/\/www.ulvangsvegen.no\/?p=711","title":{"rendered":"H\u00f8stbrev, staus q for Ulvangsvegen."},"content":{"rendered":"<p>20.11 kj\u00f8rte jeg Renault helt opp til hytta v\u00e5r. Vinteren n\u00e6rmer seg og noen gler seg til \u00e5 ta skiene fatt.<\/p>\n<p>L\u00f8ypelaget har s\u00f8kt om \u00e5 bruke vegen til skisporlegging med tr\u00e5kkemaskin.<\/p>\n<p>Styret har gitt L-laget tillatelse ut ifra samme kriterier som tidligere \u00e5r; dersom noen grunneiere (2 stk. hittil) nekter kj\u00f8ring over sin eiendom, er dette en sak dem imellom L-laget mener de har hevdvunnen rett til \u00e5 legge skispor i vegen<br \/>\n(med tr\u00e5kkemaskin?), noe de ogs\u00e5 hevdet i fjor. Denne vurdering er styret ikke enig i(enstemmig).<\/p>\n<p>Vi har ellers f\u00e5tt skifta ut stikkrenne ned pensjonatet, som var \u00f8delagt av steinmasser og nesten tett.<\/p>\n<p>De grove tykke gr\u00f8nne staurene, er satt opp ved stikkrenner, til hjelp n\u00e5r sn\u00f8en igjen begynner \u00e5 tine.<\/p>\n<p>Styret vil heller ikke engasjere seg i diverse debatter p\u00e5 f.eks. facebook, men pr\u00f8ver \u00e5 holde dere ajour med hjemmesia og mail.<\/p>\n<p>Lagmannsretts saken er n\u00e5 ferdig og avgj\u00f8relse forventes i l\u00f8pet av 4-6 uker.<\/p>\n<p>NB: Det er styret som sender inn skjema ang registering til mattilsynet ang br\u00f8nnen som en del bruker \u00f8verst p\u00e5 Berget, ikke enhver bruker<\/p>\n<p>God f\u00f8rjulsvinter<\/p>\n<p>Ulvangsvegen 12.11.2018<\/p>\n<p>Styret v\/Villy.<\/p>\n","protected":false},"excerpt":{"rendered":"<p>20.11 kj\u00f8rte jeg Renault helt opp til hytta v\u00e5r. Vinteren n\u00e6rmer seg og noen gler seg til \u00e5 ta skiene fatt. L\u00f8ypelaget har s\u00f8kt om \u00e5 bruke vegen til skisporlegging med tr\u00e5kkemaskin. Styret har gitt L-laget tillatelse ut ifra samme &hellip; <a href=\"https:\/\/www.ulvangsvegen.no\/?p=711\">Les videre <span class=\"meta-nav\">&rarr;<\/span><\/a><\/p>\n","protected":false},"author":1,"featured_media":0,"comment_status":"closed","ping_status":"closed","sticky":false,"template":"","format":"standard","meta":{"footnotes":""},"categories":[1],"tags":[],"class_list":["post-711","post","type-post","status-publish","format-standard","hentry","category-ukategorisert"],"_links":{"self":[{"href":"https:\/\/www.ulvangsvegen.no\/index.php?rest_route=\/wp\/v2\/posts\/711","targetHints":{"allow":["GET"]}}],"collection":[{"href":"https:\/\/www.ulvangsvegen.no\/index.php?rest_route=\/wp\/v2\/posts"}],"about":[{"href":"https:\/\/www.ulvangsvegen.no\/index.php?rest_route=\/wp\/v2\/types\/post"}],"author":[{"embeddable":true,"href":"https:\/\/www.ulvangsvegen.no\/index.php?rest_route=\/wp\/v2\/users\/1"}],"replies":[{"embeddable":true,"href":"https:\/\/www.ulvangsvegen.no\/index.php?rest_route=%2Fwp%2Fv2%2Fcomments&post=711"}],"version-history":[{"count":4,"href":"https:\/\/www.ulvangsvegen.no\/index.php?rest_route=\/wp\/v2\/posts\/711\/revisions"}],"predecessor-version":[{"id":715,"href":"https:\/\/www.ulvangsvegen.no\/index.php?rest_route=\/wp\/v2\/posts\/711\/revisions\/715"}],"wp:attachment":[{"href":"https:\/\/www.ulvangsvegen.no\/index.php?rest_route=%2Fwp%2Fv2%2Fmedia&parent=711"}],"wp:term":[{"taxonomy":"category","embeddable":true,"href":"https:\/\/www.ulvangsvegen.no\/index.php?rest_route=%2Fwp%2Fv2%2Fcategories&post=711"},{"taxonomy":"post_tag","embeddable":true,"href":"https:\/\/www.ulvangsvegen.no\/index.php?rest_route=%2Fwp%2Fv2%2Ftags&post=711"}],"curies":[{"name":"wp","href":"https:\/\/api.w.org\/{rel}","templated":true}]}}