{"id":313,"date":"2015-08-18T17:23:32","date_gmt":"2015-08-18T16:23:32","guid":{"rendered":"http:\/\/www.ulvangsvegen.no\/?p=313"},"modified":"2015-08-18T17:23:41","modified_gmt":"2015-08-18T16:23:41","slug":"orientering-fra-styret-om-brevet-fra-advokat-braenden","status":"publish","type":"post","link":"https:\/\/www.ulvangsvegen.no\/?p=313","title":{"rendered":"Orientering fra styret om brevet fra advokat Br\u00e6nden"},"content":{"rendered":"<p>Styret har ikke hatt noen befatning med den aktuelle sak der 7 medlemmer i veilaget har kontaktet advokat for \u00e5 f\u00e5 sp\u00f8rsm\u00e5let om vinterbr\u00f8yting av veien rettslig pr\u00f8vet. <\/p>\n<p>Noen av disse er medlemmer av styret i veilaget, men de har ikke representert styret i  denne saken. <\/p>\n<p>Styret har forholdt seg til vedtaket fra \u00e5rsm\u00f8tet i  2015, der det ble vedattt at styret ikke er part i diskusjonen om vinterbr\u00f8yting av Ulvangsvegen. <\/p>\n<p>P\u00e5 \u00e5rsm\u00f8tet stilte  ett av styremedlemme sp\u00f8rsm\u00e5let om \u00e5rsm\u00f8tet hadde innvendig mot at han som medlem veilaget jobbet videre for vinterbr\u00f8yting.  Han stilte ogs\u00e5 sin styreplass til disposisjon dersom \u00e5rsm\u00f8tet ikke kunne akseptere at han jobbet videre med sp\u00f8rsm\u00e5let som ordin\u00e6rt medlem. \u00c5rsm\u00f8tet hadde ingen kommentarer til dette. <\/p>\n<p>mvh,<br \/>\nStyret v\/ styreleder<\/p>\n","protected":false},"excerpt":{"rendered":"<p>Styret har ikke hatt noen befatning med den aktuelle sak der 7 medlemmer i veilaget har kontaktet advokat for \u00e5 f\u00e5 sp\u00f8rsm\u00e5let om vinterbr\u00f8yting av veien rettslig pr\u00f8vet. Noen av disse er medlemmer av styret i veilaget, men de har &hellip; <a href=\"https:\/\/www.ulvangsvegen.no\/?p=313\">Les videre <span class=\"meta-nav\">&rarr;<\/span><\/a><\/p>\n","protected":false},"author":1,"featured_media":0,"comment_status":"closed","ping_status":"closed","sticky":false,"template":"","format":"standard","meta":{"footnotes":""},"categories":[1],"tags":[],"class_list":["post-313","post","type-post","status-publish","format-standard","hentry","category-ukategorisert"],"_links":{"self":[{"href":"https:\/\/www.ulvangsvegen.no\/index.php?rest_route=\/wp\/v2\/posts\/313","targetHints":{"allow":["GET"]}}],"collection":[{"href":"https:\/\/www.ulvangsvegen.no\/index.php?rest_route=\/wp\/v2\/posts"}],"about":[{"href":"https:\/\/www.ulvangsvegen.no\/index.php?rest_route=\/wp\/v2\/types\/post"}],"author":[{"embeddable":true,"href":"https:\/\/www.ulvangsvegen.no\/index.php?rest_route=\/wp\/v2\/users\/1"}],"replies":[{"embeddable":true,"href":"https:\/\/www.ulvangsvegen.no\/index.php?rest_route=%2Fwp%2Fv2%2Fcomments&post=313"}],"version-history":[{"count":3,"href":"https:\/\/www.ulvangsvegen.no\/index.php?rest_route=\/wp\/v2\/posts\/313\/revisions"}],"predecessor-version":[{"id":316,"href":"https:\/\/www.ulvangsvegen.no\/index.php?rest_route=\/wp\/v2\/posts\/313\/revisions\/316"}],"wp:attachment":[{"href":"https:\/\/www.ulvangsvegen.no\/index.php?rest_route=%2Fwp%2Fv2%2Fmedia&parent=313"}],"wp:term":[{"taxonomy":"category","embeddable":true,"href":"https:\/\/www.ulvangsvegen.no\/index.php?rest_route=%2Fwp%2Fv2%2Fcategories&post=313"},{"taxonomy":"post_tag","embeddable":true,"href":"https:\/\/www.ulvangsvegen.no\/index.php?rest_route=%2Fwp%2Fv2%2Ftags&post=313"}],"curies":[{"name":"wp","href":"https:\/\/api.w.org\/{rel}","templated":true}]}}