{"id":308,"date":"2015-08-09T10:51:47","date_gmt":"2015-08-09T09:51:47","guid":{"rendered":"http:\/\/www.ulvangsvegen.no\/?p=308"},"modified":"2015-08-09T10:51:47","modified_gmt":"2015-08-09T09:51:47","slug":"arsmotet-i-mysuseter-vel-mot-utvidelse-av-vinterbroytede-veier-3","status":"publish","type":"post","link":"https:\/\/www.ulvangsvegen.no\/?p=308","title":{"rendered":"\u00c5rsm\u00f8tet i Mysuseter vel mot utvidelse av vinterbr\u00f8ytede veier"},"content":{"rendered":"<p>Et stort flertall av de fremm\u00f8tte p\u00e5 \u00e5rsm\u00f8tet i Mysuseter vel  8. august vedtok at skil\u00f8ypene fortsatt skal g\u00e5 p\u00e5 de private veiene p\u00e5 Mysuseter. Den nyvalgte formannen i det reorganiserte l\u00f8ypelaget, som ogs\u00e5 sitter i vellets styre, kunne videre orientere om at en tar sikte p\u00e5 en hyppigere kj\u00f8ring av l\u00f8ypemaskin p\u00e5 de n\u00e5v\u00e6rende l\u00f8yper for \u00e5 bedre kvaliteten p\u00e5 l\u00f8ypene. Som h\u00f8ringsinstans for eventuell flytting av eksisterende skil\u00f8yper vedtok \u00e5rsm\u00f8tet s\u00e5 strenge krav at det i realiteten ikke vil bli godtatt andre l\u00f8yper enn i Furusj\u00f8vegen og Ulvangsvegen. Vedtaket inneb\u00e6rer derfor at \u00e5rsm\u00f8tet i Mysuseter vel sier nei til utvidelse av vinterbr\u00f8ytede veier p\u00e5 Mysuseter.<\/p>\n","protected":false},"excerpt":{"rendered":"<p>Et stort flertall av de fremm\u00f8tte p\u00e5 \u00e5rsm\u00f8tet i Mysuseter vel 8. august vedtok at skil\u00f8ypene fortsatt skal g\u00e5 p\u00e5 de private veiene p\u00e5 Mysuseter. Den nyvalgte formannen i det reorganiserte l\u00f8ypelaget, som ogs\u00e5 sitter i vellets styre, kunne videre &hellip; <a href=\"https:\/\/www.ulvangsvegen.no\/?p=308\">Les videre <span class=\"meta-nav\">&rarr;<\/span><\/a><\/p>\n","protected":false},"author":1,"featured_media":0,"comment_status":"closed","ping_status":"closed","sticky":false,"template":"","format":"standard","meta":{"footnotes":""},"categories":[1],"tags":[],"class_list":["post-308","post","type-post","status-publish","format-standard","hentry","category-ukategorisert"],"_links":{"self":[{"href":"https:\/\/www.ulvangsvegen.no\/index.php?rest_route=\/wp\/v2\/posts\/308","targetHints":{"allow":["GET"]}}],"collection":[{"href":"https:\/\/www.ulvangsvegen.no\/index.php?rest_route=\/wp\/v2\/posts"}],"about":[{"href":"https:\/\/www.ulvangsvegen.no\/index.php?rest_route=\/wp\/v2\/types\/post"}],"author":[{"embeddable":true,"href":"https:\/\/www.ulvangsvegen.no\/index.php?rest_route=\/wp\/v2\/users\/1"}],"replies":[{"embeddable":true,"href":"https:\/\/www.ulvangsvegen.no\/index.php?rest_route=%2Fwp%2Fv2%2Fcomments&post=308"}],"version-history":[{"count":3,"href":"https:\/\/www.ulvangsvegen.no\/index.php?rest_route=\/wp\/v2\/posts\/308\/revisions"}],"predecessor-version":[{"id":311,"href":"https:\/\/www.ulvangsvegen.no\/index.php?rest_route=\/wp\/v2\/posts\/308\/revisions\/311"}],"wp:attachment":[{"href":"https:\/\/www.ulvangsvegen.no\/index.php?rest_route=%2Fwp%2Fv2%2Fmedia&parent=308"}],"wp:term":[{"taxonomy":"category","embeddable":true,"href":"https:\/\/www.ulvangsvegen.no\/index.php?rest_route=%2Fwp%2Fv2%2Fcategories&post=308"},{"taxonomy":"post_tag","embeddable":true,"href":"https:\/\/www.ulvangsvegen.no\/index.php?rest_route=%2Fwp%2Fv2%2Ftags&post=308"}],"curies":[{"name":"wp","href":"https:\/\/api.w.org\/{rel}","templated":true}]}}