{"id":25,"date":"2013-04-25T19:16:50","date_gmt":"2013-04-25T18:16:50","guid":{"rendered":"http:\/\/www.ulvangsvegen.no\/?p=25"},"modified":"2015-06-03T06:47:57","modified_gmt":"2015-06-03T05:47:57","slug":"25","status":"publish","type":"post","link":"https:\/\/www.ulvangsvegen.no\/?p=25","title":{"rendered":""},"content":{"rendered":"<p>28 Mai 2015<\/p>\n<p>Skade p\u00e5 vei utbedres av entrepren\u00f8r i dag.<br \/>\nBegrenset adkomst i ca 4 t.<br \/>\nSkaden har oppst\u00e5tt ved r\u00f8r under vei, &#8211; rett etter bommen p\u00e5 vei inn.<\/p>\n<p>KF<\/p>\n<p>&nbsp;<\/p>\n<p>16 Mai 2015<\/p>\n<p>Vegen er \u00e5pnet.<br \/>\nBruk eget skj\u00f8nn og pass p\u00e5 svake kanter.<br \/>\nGod helg !<\/p>\n<p>\/ Styret<\/p>\n<p>PS : Den som sitter p\u00e5 f\u00f8rsteh\u00e5ndskjennskap om vegens beskaffenhet er<br \/>\nentrepren\u00f8r RF Bj\u00f8rnvolden. Ta kontakt med han dersom du er i tvil.<br \/>\nStyret oppdaterer ikke denne siden fra dag til dag.<\/p>\n<p>&nbsp;<\/p>\n<p>9 Mai 2015 :<\/p>\n<p>Vegen er n\u00e5 stengt fra &laquo;Jakhellnkrysset&raquo;.<br \/>\nDette pga l\u00f8s veg og kanter p\u00e5 deler av vegen videre innover.<\/p>\n<p>Styret kommer med beskjed n\u00e5r vegen er t\u00f8rket opp og klar.<\/p>\n<p>&nbsp;<\/p>\n<p>&nbsp;<\/p>\n<p>30 April 2015 :<\/p>\n<div>Bj\u00f8rnvolden Maskin melder om f\u00f8lgende: \u00a0Sommerdekk anbefales ikke i Ulvangsvegen p.g.a. iss\u00e5le og &laquo;sn\u00f8dryss&raquo;. Vegen kan kj\u00f8res i helgen, men vil bli stengt ved v\u00e6romslag. <strong>All kj\u00f8ring skjer p\u00e5 eget ansvar.<\/strong><br \/>\nBj\u00f8rnvolden Maskin \u00f8nsker ikke framtauing av biler p.g.a eventuelle nytt sn\u00f8fall.<br \/>\nStyret vil gi en honn\u00f8r til Roy Frode Bj\u00f8rnvolden og Jon Bekkemellom for godt utf\u00f8rt arbeid ved oppbr\u00f8ytingen.<\/div>\n<div><\/div>\n<div>Styret \/<br \/>\nVilly og Jarl<\/div>\n<p>&nbsp;<\/p>\n<p>28 April 2015 :<\/p>\n<p><strong>Medlemsavgift :<\/strong>\u00a0\u00a0DnB melder om at lagets konto n\u00e5 er klar til bruk med kid\/ocr.<br \/>\nInkassovarsel (siste gangs purring p\u00e5 ubetalt vegavgift for 2014) sendes ut ila en ukes tid. Deretter kommer faktura p\u00e5 \u00e5rets avgift.<\/p>\n<p><strong>Vegstandard :<\/strong> Vegen er ryddet for sn\u00f8 etter at \u00e5rets l\u00f8ypekj\u00f8ring ble avsluttet med oppfresing av iss\u00e5le. Det betyr at veien n\u00e5 er bar for sn\u00f8.<br \/>\nKulde i fjellet gj\u00f8r at veien pt er hard. Veien er sannsynligvis farbar 1 Mai helgen. Skulle det bli varmt \/ fuktig kan det bety at veien vil skjermes for trafikk.<br \/>\nV\u00e6r vennlig \u00e5 respekter merking \/ lokal stenging der b\u00e6reevnen er for d\u00e5rlig.<\/p>\n<p>Styret<\/p>\n<p>&nbsp;<\/p>\n<p>13 April 2015 :<\/p>\n<p>Signert \u00e5rsm\u00f8teprotokoll 2015 ligger n\u00e5 under &laquo;\u00c5rsm\u00f8te&raquo;<\/p>\n<p>Styret<\/p>\n<p>&nbsp;<\/p>\n<p><strong>28 mars 2015:<\/strong><\/p>\n<p><strong>Minner om \u00c5rsm\u00f8te i veglaget Skj\u00e6rtorsdag 2 April kl 16:00 p\u00e5 Rondane Spa Hotel.<\/strong><br \/>\n<strong>Varsel i innkallingen om at medlemmer som ikke har betalt medlemsavgift 2014 innen 1 mars, ikke har anledning til \u00e5 m\u00f8te, oppheves.<br \/>\n<\/strong><br \/>\n<strong>Det betyr at alle medlemmer av veglaget kan delta.<\/strong><br \/>\n<strong>Beslutning om dette er tatt p\u00e5 grunnlag av at d\u00e5rlig betalingsdisiplin er et tema alle b\u00f8r v\u00e6re med \u00e5 diskutere, ikke minst de som dette gjelder.<\/strong><\/p>\n<p><strong><span style=\"color: #333333; font-style: normal; line-height: 24.375px;\">Vel m\u00f8tt !<\/span><\/strong><\/p>\n<p><strong>Styret<\/strong><br \/>\n11 mars 2015 :<\/p>\n<p>Da er <strong>\u00c5rsm\u00f8teinnkalling 2015<\/strong> lagt ut p\u00e5 \u00a0&laquo;\u00c5rsm\u00f8te&raquo; , \u00a0&#8211; vel m\u00f8tt p\u00e5 skj\u00e6rtorsdag .<br \/>\nI morgen g\u00e5r innkalling ut per mail\/ brev.<\/p>\n<p>Styret<\/p>\n<p>&nbsp;<\/p>\n<p>2 mars 2015 :<\/p>\n<p>Styreleder er sykmeldt.<br \/>\nHenvendelser til bes rettet til \u00f8vrige medlemmer av styret.<\/p>\n<p>Styret<\/p>\n<p>&nbsp;<\/p>\n<p>23 februar 2015 :<\/p>\n<p>1 gangs innkalling til \u00e5rsm\u00f8te gikk ut til alle medlemmer torsdag i forrige uke.<br \/>\nInnkalling er lagt ut under &laquo;dokumenter&raquo;<\/p>\n<p>Styret<\/p>\n<p>22 februar 2015 :<\/p>\n<p>Nok en gang oppfordrer Styret til \u00e5 holde bommen stengt , ogs\u00e5 om vinteren.<br \/>\nBj\u00f8rnvolden Maskin har sagt at de stenger etter seg n\u00e5r sn\u00f8rydding er utf\u00f8rt.<br \/>\nV\u00e6r vennlig \u00e5 steng bommen !<\/p>\n<p>Styret<\/p>\n<p>&nbsp;<\/p>\n<p>13 februar 2015 :<\/p>\n<p><b><br \/>\n<\/b><strong>Beklagelse fra kommunen til medlemmer av veilaget som har st\u00e5tt p\u00e5 for en ny skil\u00f8ypetras\u00e9.<\/strong><\/p>\n<p>I flere innlegg p\u00e5 hjemmesidene til Mysuseter vel i fjor h\u00f8st fremkom det sterke anklager om at medlemmer i veilaget hadde tatt seg til rette, n\u00e6rmest v\u00e6rt kriminelle i forbindelse med ny skil\u00f8ypetras\u00e9. Det toppet seg da Sidsel Bj\u00f8rneby, i rundskriv til 402 interessenter i &laquo;gruppe for for opprettholdelse av gode skil\u00f8yper p\u00e5 Mysuseter&raquo;, \u00a0offentlig og uten forvarsel anklaget styret i veilaget for \u00e5 ha presset p\u00e5 kommunen til \u00e5 f\u00e5 godkjent en alternativ l\u00f8ypetras\u00e9.<\/p>\n<p>Nedenfor gjengis mail fra kommunens plansjef Ola N\u00e6prud til Odd Tangen. Han beklager sterkt den vinklingen rundskrivet fra Sidsel Bj\u00f8rneby har f\u00e5tt. For \u00f8vrig vises til uttalelser som N\u00e6prud direkte har sendt Bj\u00f8rneby (se forrige innlegg nedenunder).<\/p>\n<p>Det er sterkt beklagelig hvis rundskrivet fra Bj\u00f8rneby (som inneholder urettmessige beskyldninger) kan ha p\u00e5virket unders\u00f8kelsen som styret i veilaget har sendt til medlemmene.<\/p>\n<p>&nbsp;<\/p>\n<p>Med vennlig hilsen<\/p>\n<p>Harald Fagereng<\/p>\n<p>Styreleder<\/p>\n<p>&nbsp;<\/p>\n<p>&nbsp;<\/p>\n<p><strong><em>Fra: N\u00e6prud, Ola \u202a&lt;<a href=\"mailto:Ola.Naeprud@sel.kommune.no\">Ola.Naeprud@sel.kommune.no<\/a>&gt;<\/em><\/strong><\/p>\n<p><strong><em>Dato: 12. februar 2015 kl. 09.36<\/em><\/strong><\/p>\n<p><strong><em>Emne: L\u00f8ypetrase UlvANGEN<\/em><\/strong><\/p>\n<p><strong><em>Til: &laquo;<a href=\"mailto:odd.o.tangen@gmail.com\">odd.o.tangen@gmail.com<\/a>&raquo; &lt;<a href=\"mailto:odd.o.tangen@gmail.com\">odd.o.tangen@gmail.com<\/a>&gt;<\/em><\/strong><\/p>\n<p><strong><em>\u00a0<\/em><\/strong><strong><em>Hei.<\/em><\/strong><\/p>\n<p><strong><em>Jeg beklager p\u00e5 det sterkeste at det ble brukt uttrykk som press i min e-post til Sidsel Bj\u00f8rneby knyttet til sp\u00f8rsm\u00e5l om kommunens godkjenning av vinterbr\u00f8yting. Jeg har sendt en oppklarende e-post til Bj\u00f8rneby som vedlegges til orientering.<\/em><\/strong><\/p>\n<p><strong><em>Jeg skj\u00f8nner at n\u00e5r slike uttrykk blir eksponert ut av sin sammenheng fremst\u00e5r det som negativ omtale av den dugnadsinnsatsen som flere av dere har lagt ned for \u00e5 klargj\u00f8re grunnlaget for spillemiddels\u00f8knad og omlegging av skil\u00f8ypa. Det er en kjensgjerning at uten dette dugnadsarbeidet hadde ikke Sel kommune hatt det grunnlaget som var n\u00f8dvendig for \u00e5 arbeide videre med saken.<\/em><\/strong><\/p>\n<p><strong><em>R\u00e5dmann og ordf\u00f8rer er orientert om saken slik den n\u00e5 fremst\u00e5r inkl. mine klargj\u00f8ringer i de nevnte e-poster.<\/em><\/strong><\/p>\n<p>&nbsp;<\/p>\n<p>13 Februar 2015 :<\/p>\n<p>Som en avklaring til v\u00e5re medlemmer ifm sp\u00f8rreunders\u00f8kelsen som styret har sendt ut :<br \/>\nStyreleder Fagereng redegj\u00f8r i den vedlagte tekst (p\u00e5 MV&#8217;s hjemmesider) , \u00a0for kommunikasjon med kommunen vedr. planlagt ny l\u00f8ypetrase \u00a0:<\/p>\n<p><em><a id=\"comment-57\" href=\"http:\/\/www.mysusetervel.no\/Velkommen\/index.php\/25-articles\/51-har-veilagene-og-grunneierlaget-skutt-seg-selv-i-foten#comment-57\">#30<\/a>\u00a0Harald Fagereng\u00a012-02-2015 16:27<\/em><\/p>\n<div id=\"comment-body-57\"><em>Sidsel Bj\u00f8rnebys siste (innlegg p\u00e5 MV&#8217;s hjemmesider)* red.anm. \u00a0synes underlig i lys av mail hun og et annet medlem av veglaget tidligere idag har mottatt fra Sel kommune.<\/em><strong><em>Bl.a. skriver plansjef Ola N\u00e6prud f\u00f8gende:<\/em><\/strong><em>&laquo;Det m\u00e5 presiseres at det ikke m\u00e5 v\u00e6re noen tvil om at Sel kommunestyre gjennom de ulike behandlingene av denne saken har forholdt seg til en konkret l\u00f8ypetrase. Dette gjelder b\u00e5de i forhold til prioritering av anlegg for spillemidler og kommunalt tilskudd til omlegging av l\u00f8ype.<\/em><em>R\u00e5dmannen har fortl\u00f8pende rapportert framdrift i saken til b\u00e5de formannskap og kommunestyre, og Sel kommune s\u00f8kte om spillemidler til omlegging av skil\u00f8ypa langs Ulvangsvegen inkl. ny bru over Ula i november\/desember 2014.<\/em><em>At det har v\u00e6rt ulike syn p\u00e5 den nye foresl\u00e5tte l\u00f8ypetraseen er kjent gjennom de ulike politiske behandlingene.<\/em><em>Administrasjon i Sel kommune ved undertegnede har deltatt i arbeidet med \u00e5 finne alternativ l\u00f8ypetrase, dette arbeidet har p\u00e5g\u00e5tt over flere \u00e5r. Noen medlemmer av veglaget har lagt ned en uvurderlig egeninnsats i prosjektering og kvalitetssikring av den nye l\u00f8ypetraseen, et grunnlag Sel kommune har benyttet i bl.a. saksutredninger til politiske utvalg og som grunnlag i s\u00f8knaden om spillemidler. Alle sakens dokumenter er tilgjengelig via kommunens hjemmeside &laquo;<\/em><\/div>\n<div>mvh,<\/div>\n<div>Styret<\/div>\n<div><\/div>\n<div><\/div>\n<div><\/div>\n<p>12 Februar 2015 :<\/p>\n<p>V\u00e5rt veglag har lenge v\u00e6rt sentralt i et omfattende ordskifte p\u00e5 Mysuseter.<br \/>\nMange meninger og hypoteser har v\u00e6rt framsatt , noen ganger p\u00e5 sviktende fakta- grunnlag. Styrets leder har n\u00e5 satt sammen et dokument som beskriver de viktigste enkeltmomentene i historien fram til n\u00e5. \u00a0Dokumentet ligger under &laquo;fliken&raquo; dokumenter og heter :\u00a0<a href=\"http:\/\/www.ulvangsvegen.no\/wp-content\/uploads\/2014\/10\/Omfattende-politisk-behandling-av-ny-skil%C3%B8ypetras%C3%A9-og-vinterbr%C3%B8yting-av-Ulvangsvegen.pdf\">Omfattende politisk behandling av ny skil\u00f8ypetras\u00e9 og vinterbr\u00f8yting av Ulvangsvegen<\/a><\/p>\n<p>mvh<br \/>\nStyret<\/p>\n<p>12 Februar 2015 :<\/p>\n<p>Det er som tidligere nevnt framsatt uriktige p\u00e5stander om frav\u00e6r av kommunal aksept for l\u00f8ypetrase langs Ulvangsvegen. \u00a0Her f\u00f8lger styreleders redegj\u00f8relse (som ogs\u00e5 ligger p\u00e5 Mysuseter Vel sine hjemmesider)<\/p>\n<p>Dette er en separat sak men m\u00e5 sees i sammenheng med br\u00f8ytesaken, \u00a0og dermed den unders\u00f8kelsen som styret har sendt ut til medlemmene.<br \/>\n<strong>Sp\u00f8rreunders\u00f8kelsens innhold og legitimitet er herved bekreftet.<\/strong><\/p>\n<p>Sp\u00f8rreunders\u00f8kelse ber for\u00f8vrig kun om at medlemmene igjen bekrefter sitt syn p\u00e5 br\u00f8yting, \u00a0dersom en alternativ og kommunalt godkjent l\u00f8ypetrase opparbeides.<\/p>\n<p>Bruk stemmeretten du har som medlem !<\/p>\n<p>mvh,<br \/>\nStyret<\/p>\n<p><em><a id=\"comment-53\" href=\"http:\/\/www.mysusetervel.no\/Velkommen\/index.php\/25-articles\/51-har-veilagene-og-grunneierlaget-skutt-seg-selv-i-foten#comment-53\">#27<\/a>\u00a0Harald Fagereng\u00a012-02-2015 11:46<\/em><\/p>\n<div id=\"comment-body-53\"><em>Feilinformasjon om ny l\u00f8ypetras\u00e9 i Ulvangen<\/em><br \/>\n<em>Sidsel Bj\u00f8rneby og Ulvangsvegen veglag har i dag mottatt oppklarende mail fra Sel kommune. L\u00f8ypeteras\u00e9en som det refereres til i hennes kommentar 9. februar p\u00e5 vellets hjemmeside er den som kommunen har lagt til grunn for sitt arbeide med \u00e5 flytte skil\u00f8ypa ut av Ulvangsvegen.\u00a0<\/em><br \/>\n<em>Som leder av arbeidsutvalget for interessegruppen for opprettholdelse av gode skil\u00f8yper p\u00e5 Mysuseter sendte Bj\u00f8rneby i g\u00e5r ut mail til 402 deltakere p\u00e5 underskriftslisten om at opplysningene i sp\u00f8rreunders\u00f8kelsen til Ulvangsvegen veglag som nylig er sendt ut til medlemmene var helt misvisende.\u00a0<\/em><br \/>\n<em>Det viser seg at innholdet i mailen fra interessegruppen er helt uriktig og misvisende. Kommunen har gjort vedtak om l\u00f8ypetras\u00e9 og det er s\u00f8kt tippemidler til anlegget.<\/em><em>Harald Fagereng<\/em><br \/>\n<em>Styreleder i Ulvangsvegen veglag<\/em><\/div>\n<div><\/div>\n<div><\/div>\n<p>&nbsp;<\/p>\n<p>9 Februar 2015 :<\/p>\n<p>Alle medlemmer skal n\u00e5 ha mottatt sp\u00f8rreunders\u00f8kelse vedr\u00f8rende interesse for framtidig vinterbr\u00f8yting av Ulvangsvegen.<br \/>\nUansett hvilket standpunkt du har s\u00e5 er det viktig at du bruker retten til \u00e5 si din mening.<br \/>\nLes f\u00f8lgebrevet godt, still gjerne avklarende sp\u00f8rsm\u00e5l til styret, \u00a0og benytt frankert svarkonvolutt.<\/p>\n<p>&laquo;Enkelte debattanter p\u00e5 Mysuseters nettbaserte diskusjonsfora fors\u00f8ker \u00e5 s\u00e5 tvil vedr. deler av innholdet i sp\u00f8rreunders\u00f8kelsens f\u00f8lgeskriv. Hypoteser framsettes uten realitetsorientering.<br \/>\nStyret st\u00e5r helt og fullt bak informasjonen i brevet.<br \/>\nDette til informasjon &raquo;<\/p>\n<p>Styret<\/p>\n<p>&nbsp;<\/p>\n<p>&nbsp;<\/p>\n<p>&nbsp;<\/p>\n<p>&nbsp;<\/p>\n<p>03 Februar 2015:<\/p>\n<p>P\u00e5 grunn av fremmedparkering, er sn\u00f8rydding p\u00e5 Ulvangvegens fremre del ofte vanskelig. Bj\u00f8rnvolden Maskin som rydder vegene til Holehaugen og Jakhellnfeltet melder fra om biler som st\u00e5r i vegkanten \/ vegkryss. \u00a0Noen ganger er det medlemmer som har parkert, andre ganger er det utenforst\u00e5ende.<br \/>\nStyret ber om at medlemmene bidrar til \u00e5 holde veiene fri for parkerte biler.<\/p>\n<p>\/ KF<\/p>\n<p>&nbsp;<\/p>\n<p>16 Desember 2014 :<\/p>\n<p>Det meldes om at Ulvangsvegen er br\u00f8ytet !<br \/>\nDette skyldes at en hyttebygger p\u00e5 eget initiativ har bestilt dette. (utenom ordin\u00e6re rutiner)<\/p>\n<p>Slik det framg\u00e5r p\u00e5 Mysuseter vel sine hjemmesider er det ikke klart om dette er et veistyrevedtak eller ikke.<\/p>\n<p><strong>F\u00f8lgende kommentar er avgitt fra veistyret :\u00a0<\/strong><\/p>\n<p><strong><em><a id=\"comment-924\" href=\"http:\/\/www.mysusetervel.no\/Velkommen\/index.php\/component\/content\/article\/9-artikler\/artikkel\/998-jula-naermer-seg#comment-924\">#1<\/a>\u00a0Harald Fagereng\u00a016-12-2014 16:28<\/em><\/strong><\/p>\n<div id=\"comment-body-924\"><strong><em>Styret i Ulvangsvegen veglag er ukjent med hvem som har br\u00f8ytet Ulvangsvegen. Det har heller ikke kommet henvendelser om br\u00f8yting av vegen.\u00a0<\/em><\/strong><br \/>\n<strong><em>Styret i Ulvangsvegen har gitt L\u00f8ypelaget tillatelse til \u00e5 kj\u00f8re l\u00f8ypemaskinen i vinter og det forutsetter at br\u00f8yting ikke skal skje.<\/em><\/strong><br \/>\n<strong><em>H\u00e5per skil\u00f8ypa i vegen kommer p\u00e5 plass s\u00e5 snart forholdene ligger til rette for l\u00f8ypekj\u00f8ring.<\/em><\/strong><strong><em>Mvh<\/em><\/strong><br \/>\n<strong><em>Harald Fagereng<\/em><\/strong><br \/>\n<strong><em>Styreleder<\/em><\/strong><\/div>\n<p>&nbsp;<\/p>\n<p>&nbsp;<\/p>\n<p>&nbsp;<\/p>\n<p>30 November 2014 :<\/p>\n<p>I morgen er frist for betaling av veiavgift.<br \/>\nI forbindelse med dette har vi g\u00e5tt igjennom medlemsliste.<br \/>\nVi ber om at alle som har arvet, overdratt eller kj\u00f8pt hytte langs Ulvangsvegen siste 3 \u00e5r sender f\u00f8lgende informasjon til :<br \/>\nUlvangsvegen Veglag v\/ Stein Svendsen ( stein.svendsen@accountor.no )<\/p>\n<p>Navn p\u00e5 andelsinnehaver<br \/>\nG\u00e5rds nr\/ Bruks nr p\u00e5 eiendom<br \/>\nAdresse p\u00e5 eiendom<br \/>\nHjemmeadresse<br \/>\ne-postadresse<br \/>\nTlf \/ Mobil tlf<\/p>\n<p>Styret<\/p>\n<p>&nbsp;<\/p>\n<p>28 November 2014 :<\/p>\n<p>Signert tillatelse til l\u00f8ypepreparering langs deler av Ulvangsvegen er n\u00e5 sendt L\u00f8ypelaget.<br \/>\nSe under &laquo;Dokumenter&raquo; i menyen.<\/p>\n<p>for styret:<br \/>\nKjetil F.<\/p>\n<p>&nbsp;<\/p>\n<p>27 November 2014 :<\/p>\n<p>Den 25 November var det ekstraordin\u00e6rt \u00e5rsm\u00f8te i L\u00f8ypelaget.<br \/>\nF\u00f8lgende referat ligger p\u00e5 L\u00f8ypelagets hjemmesider \u00a0:<\/p>\n<p><strong><em>Referat fra det ekstraordin\u00e6re \u00e5rsm\u00f8tet i L\u00f8ypelaget<\/em><\/strong><br \/>\n<strong><em>Hele styret pluss noen inviterte interessenter m\u00f8tte. Stort oppm\u00f8te fra interesserte og lokale hytteeiere.\u00a0<\/em><\/strong><br \/>\n<strong><em>Tilsammen var vi 23 personer p\u00e5 m\u00f8tet. Vi fikk en god avklaring p\u00e5 flere ting:<\/em><\/strong><\/p>\n<ul>\n<li><strong><em>Br\u00f8ytesaken er parkert.<\/em><\/strong><\/li>\n<li><strong><em>Arbeidsutvalg for skil\u00f8ypetras\u00e9er vil bli oppnevnt av Sel kommune.<\/em><\/strong><\/li>\n<li><strong><em>Det ble vedtatt \u00e5 s\u00f8ke om \u00e5 f\u00e5 kj\u00f8re l\u00f8yper etter Ulvangveien\u00a0og Furusj\u00f8veien.<\/em><\/strong><\/li>\n<li><strong><em>Magne og Johan g\u00e5r tilbake\u00a0 som styremedlemmer, men vil fungere i jobbene inntil videre.<\/em><\/strong><\/li>\n<\/ul>\n<p><strong><em>M\u00f8tet ble avsluttet kl. 21.30.\u00a0<\/em><\/strong><br \/>\n<strong><em>Mysuseter og Raphamn l\u00f8ypelag SA.\u00a0<\/em><\/strong><br \/>\n<strong><em>Johan A. Lie<\/em><\/strong><\/p>\n<p>Dette er et kortfattet referat fra et m\u00f8te som i f\u00f8lge tilstedev\u00e6rende dekket mange aspekter vedr. l\u00f8ypetraseer\/kj\u00f8ring og forskjellige tema som i h\u00f8st er dr\u00f8ftet p\u00e5 MV sine hjemmesider og i andre fora.<\/p>\n<p>Det vi registrerer med glede, er vedtaket om \u00e5 sende formell s\u00f8knad til veilaget om l\u00f8ypekj\u00f8ring i vinter. En slik s\u00f8knad har vi lenge signalisert vil bli innvilget.<br \/>\n<strong>Det betyr at l\u00f8ypekj\u00f8ring starter s\u00e5 snart forholdene tillater det.<\/strong><\/p>\n<p>P\u00e5 vegne av styret ;<\/p>\n<p>Kjetil F.<\/p>\n<p>&nbsp;<\/p>\n<p><strong>14 November 2014 :\u00a0<\/strong><\/p>\n<p><b>\u00a0 \u00a0 \u00a0 \u00a0 \u00a0 \u00a0 \u00a0 \u00a0 \u00a0 \u00a0 \u00a0 \u00a0 \u00a0 \u00a0 \u00a0 \u00a0 \u00a0 \u00a0 \u00a0 \u00a0 \u00a0 \u00a0 \u00a0 \u00a0 \u00a0 \u00a0 \u00a0 \u00a0 \u00a0 \u00a0 \u00a0 \u00a0 \u00a0 \u00a0 \u00a0 \u00a0 \u00a0 \u00a0 \u00a0 \u00a0 \u00a0 \u00a0 \u00a0 \u00a0 \u00a0 \u00a0 \u00a0 \u00a0 \u00a0 \u00a0 \u00a0 \u00a0 \u00a0 \u00a0 \u00a0 \u00a0 \u00a0 \u00a0 \u00a0 \u00a0 \u00a0 \u00a0 \u00a0 \u00a0\u00a0<\/b>14.11.2014<\/p>\n<p><strong>Furusj\u00f8vegen og Ulvangsvegen vil ha attraktive og gode skil\u00f8yper p\u00e5 Mysuseter<\/strong><\/p>\n<p>Det er \u00a0en underlig aksjon som igjen er satt i gang p\u00e5 hjemmesiden til Mysuseter vel.<\/p>\n<p>Styrene for Furusj\u00f8vegen SA og Ulvangsvegen veglag vil ikke stenge noen skil\u00f8ype for l\u00f8ypekj\u00f8ring kommende vinter.<\/p>\n<p>Utrolig at ikke l\u00f8ypelaget s\u00f8ker veistyrene om tillatelse til oppkj\u00f8ring av skil\u00f8yper n\u00e5r dette er en forutsetning i kommunens tillatelse til kj\u00f8ring med tr\u00e5kkemaskinen p\u00e5 veiene.\u00a0Veistyrene forvalter driften av veiene etter best mulig m\u00e5te. Etter siste \u00e5rs erfaringer med en tung l\u00f8ypemaskin som ogs\u00e5 freser\/pakker sn\u00f8en sammen i veien, er det derfor naturlig at veistyrene setter noen forutsetninger for kj\u00f8ring med l\u00f8ypemaskinen.\u00a0Det er veistyret i Ulvangsvegen som forvalter bruks- og veiretten hele \u00e5ret. Etter rettsforliket i h\u00f8st ble dette stadfestet mellom grunneiere og veilag.<\/p>\n<p>B\u00e5de Furusj\u00f8vegen og Ulvangsvegen veglag er like interesserte som alle andre at vi har attraktive og gode skil\u00f8yper p\u00e5 Mysuseter. N\u00e5 er finansieringen av skil\u00f8ypa fra Mysuseter med en sikker passering over Ula et prioritert kommunalt ansvar. Med noen justeringer av tras\u00e9en, vil dette bli et fullgodt alternativ til n\u00e5v\u00e6rende l\u00f8ype.<\/p>\n<p>Det foreligger ogs\u00e5 forslag om tras\u00e9 fra Lurven til Ultunga som tilf\u00f8rselsl\u00f8ype til den nye Troll-l\u00f8ypa.<\/p>\n<p>Regionr\u00e5dene i nord- og midtdalen planlegger sammen med Oppland fylkeskommune en helt ny sykkeltras\u00e9 fra Hjerkinn til Lillehammer. Den planlagte skitras\u00e9en fra Lurven og frem til Pungdalen vil inng\u00e5 i dette prosjektet. Tras\u00e9en vil bli 6 meter bred, og vil kunne brukes som skil\u00f8ype om vinteren og sykkelsti om sommeren.<\/p>\n<p>Vi h\u00e5per at de som bruker skil\u00f8ypene p\u00e5 Mysuseter ser frem til \u00e5 f\u00e5 en sikker bro over Ula. Den nye broa gir ogs\u00e5 mulighet for \u00e5 kj\u00f8re opp skil\u00f8ypa fra \u00a0Mysuseter og opp til Lurven med en gang det er kommet tilstrekkelig med sn\u00f8. En ny l\u00f8ypetras\u00e9 vil ogs\u00e5 fjerne scooterkj\u00f8ring fra skil\u00f8ypene noe som ogs\u00e5 vil bidra til bedre og sikrere skil\u00f8yper.<\/p>\n<p>Et aktuelt tema som n\u00e5 b\u00f8r komme opp er en bedre samordning av ressursene og ansvaret for l\u00f8ypekj\u00f8ring p\u00e5 Mysuseter. Det viser seg at l\u00f8ypelaget p\u00e5 H\u00f8vringen ogs\u00e5 \u00f8nsker et samarbeide om et l\u00f8ypenett mot Mysuseter. Som f\u00f8lge av den fastl\u00e5ste situasjonen har Kvam Il sagt seg villig til \u00e5 kj\u00f8re l\u00f8ypemaskinen fram til bomstasjonen p\u00e5 Furusj\u00f8vegen. Det b\u00f8r derfor kunne stilles sp\u00f8rsm\u00e5l om ressursene p\u00e5 l\u00f8ypekj\u00f8ring og l\u00f8ypearbeid p\u00e5 Mysuseter kan brukes mer effektivt.<\/p>\n<p>Formannskapet behandlet status for skil\u00f8yper p\u00e5 Mysuseter i sitt m\u00f8te 10.november 2014. Fra referatet siteres:<\/p>\n<p>&nbsp;<\/p>\n<p>\u201cB\u00e5de vegstyret i Ulvangvegen og Furusj\u00f8vegen har sagt at de vil se positivt p\u00e5 s\u00f8knad fra l\u00f8ypelaget om \u00e5 f\u00e5 kj\u00f8re kommende vinter. Ordf\u00f8reren har f\u00e5tt brev direkte fra l\u00f8ypelaget hvor de ber om bistand. Kommunen oppfordrer til at det skal kj\u00f8res l\u00f8yper til vinteren og at l\u00f8ypelaget skal s\u00f8ke veglagene. Sporene kan eventuelt freses opp ved sesongslutt. Brev til l\u00f8ypelaget sendes fra ordf\u00f8reren innev\u00e6rende uke.\u201d<\/p>\n<p>For\u00f8vrig f\u00f8lg med p\u00e5 veilagenes hjemmesider: furusjovegen.com\u00a0og ulvangsvegen.no der vi fortl\u00f8pende vil gi oppdatert informasjon til medlemmene.<\/p>\n<p>Mvh<\/p>\n<p>For styrene i ;<\/p>\n<p><strong>Furusj\u00f8vegen SA, Ingebreth D. Sandbu. styreleder<\/strong><\/p>\n<p><strong>Ulvangsvegen veglag, Harald Fagereng, styreleder<\/strong><\/p>\n<p>&nbsp;<\/p>\n<p>&nbsp;<\/p>\n<p>&nbsp;<\/p>\n<p><strong>5 November 2014<\/strong> :<\/p>\n<p>Vi registerer at kun et f\u00e5tall av medlemmene har betalt kontigent for innev\u00e6rende \u00e5r.<\/p>\n<p>Viser til beskjed fra 15 Juni :<\/p>\n<p style=\"text-align: center;\"><strong><em>15 Juni 2014,<\/em><\/strong><\/p>\n<p style=\"text-align: center;\"><strong><em>Sommeren har for alvor kommet til Rondane \ud83d\ude42<\/em><\/strong><br \/>\n<strong><em>Mysuseter vel rapporterer om at veien til Spranget \u00e5pnet n\u00e5 i helgen.<\/em><\/strong><br \/>\n<strong><em>Vi satser p\u00e5 at godv\u00e6ret holder igjennom sommeren, og \u00f8nsker alle medlemmer fine dager i fjellet !<\/em><\/strong><\/p>\n<p style=\"text-align: center;\"><strong><em>Her kommer en p\u00e5minnelse om \u00e5 betale medlemskontigenten for innev\u00e6rende \u00e5r :<\/em><\/strong><\/p>\n<p style=\"text-align: center;\"><strong><em>Kr. 500,- betales til :<\/em><\/strong><\/p>\n<p style=\"text-align: center;\"><strong><em>Konto nr :\u00a01503.38.74577 DNB \u00a0(DenNorskeBank)<\/em><\/strong><\/p>\n<p style=\"text-align: center;\"><strong>IBAN \u00a0 \u00a0 \u00a0 \u00a0 \u00a0 \u00a0: \u00a0 \u00a0NO2015033874577<\/strong><\/p>\n<p style=\"text-align: center;\"><strong><em id=\"__mceDel\">BIC \u00a0 \u00a0 \u00a0 \u00a0 \u00a0 \u00a0 \u00a0: \u00a0 \u00a0DNBANOKK<\/em><\/strong><\/p>\n<p style=\"text-align: center;\"><strong><em>Dersom du betaler fra en utenlandsk konto s\u00e5 er det ditt ansvar \u00e5 p\u00e5se at transaksjonskostnaden blir belastet din egen konto .<\/em><\/strong><\/p>\n<p style=\"text-align: center;\"><strong><em>\u00a0<\/em><\/strong><\/p>\n<p style=\"text-align: center;\"><strong><em>P\u00e5 vegne av styret :<\/em><\/strong><\/p>\n<p style=\"text-align: center;\"><strong><em>Kjetil F.<\/em><\/strong><\/p>\n<p style=\"text-align: left;\">Det blir n\u00e5 sendt ut mail (og brev til de som ikke har mail) med oppfordring om betaling innen 1 Desember. \u00a0Ettern\u00f8lere vil bli belastet med purregebyr som i fjor.<\/p>\n<p style=\"text-align: left;\">For styret;<\/p>\n<p style=\"text-align: left;\">Kjetil F.<\/p>\n<p>&nbsp;<\/p>\n<p>20 Oktober 2014 :<\/p>\n<div><b>Rettsforlik om bruks- og veirett for veilagene p\u00e5 Mysuseter :\u00a0<\/b><\/div>\n<div><b>Grunneierne p\u00e5 Mysuseter og veilagene ble 24. september 2014 enige om f\u00f8lgende rettsforlik:<\/b><\/div>\n<div><b>\u00a0<\/b><\/div>\n<div style=\"text-align: left;\"><em>&laquo;Partene er kjent med og aksepterer den bruks- og vegrett som er etablert for Tj\u00f8nnbakkvegen, Havnsetervegen, Ulvangsvegen og Kvevegen, som er angitt p\u00e5 vedlagte kart, og som organiseres og administreres av respektive veglag\/brukere. Dette omfatter n\u00e5v\u00e6rende og framtidige hyttetomter og n\u00e6ringsvirksomhet hele \u00e5ret.<\/em><\/div>\n<div style=\"text-align: left;\"><em>Ulvangsvegen veglag har ansvar for Ulvangsvegen fra krysset Ulvangsvegen &#8211; Tj\u00f8nnbakkvegen.<\/em><\/div>\n<div style=\"text-align: left;\"><em>Tj\u00f8nnbakkvegen SA har ansvaret for Tj\u00f8nnbakkvegen fra Rondanevegen.<\/em><\/div>\n<div style=\"text-align: left;\"><em>Partene og deres rettsetterf\u00f8lgere er innforst\u00e5tt med og aksepterer at nyttetransport i utmark med sn\u00f8scooter kan skje over partenes eiendom innenfor de rammer og p\u00e5 de vilk\u00e5r som til en hver tid fastsettes av kompetent myndighet.<\/em><\/div>\n<div style=\"text-align: left;\"><em>\u00a0<\/em><\/div>\n<div style=\"text-align: left;\"><em>Grunneierne behandler eier\/bruker av gnr. 256 bnr. 1 og 2 p\u00e5 like vilk\u00e5r som \u00f8vrige l\u00f8yvehavere.<\/em><\/div>\n<div style=\"text-align: left;\"><em><\/em><em>Rettsforliket kan tinglyses p\u00e5 de respektive eiendommer.&raquo;<\/em><\/div>\n<div><\/div>\n<div><\/div>\n<div><\/div>\n<div><strong><em>Forliksdokumentet er lagt inn under fanen &raquo; Dokumenter &laquo;<\/em><\/strong><\/div>\n<div><\/div>\n<div><em><strong>Styret<\/strong><\/em><\/div>\n<p>&nbsp;<\/p>\n<p>3 Oktober 2014 :<\/p>\n<p>L\u00f8ypekj\u00f8ring og vinterbr\u00f8yting i Ulvangsvegen<\/p>\n<div>Det p\u00e5g\u00e5r en debatt p\u00e5 Mysuseter vel sine hjemmesider vedr\u00f8rende l\u00f8ypekj\u00f8ring og vinterbr\u00f8yting. \u00a0Der blir det bl.a. etterlyst uttalelser fra Ulvangvegen veglags styre.<\/div>\n<div>Det er ogs\u00e5 framsatt en del hypoteser om hva Ulvangvegen mener n\u00e5r det gjelder l\u00f8ypekj\u00f8ring.<\/div>\n<div>Styret har og har hatt kontakt med b\u00e5de l\u00f8ypelaget og kommunen. Vegstyret mener derfor bestemt at alle vesentlige forhold er avklart.\u00a0N\u00e5 har likevel debatten knyttet til l\u00f8ypekj\u00f8ring n\u00e5dd nye h\u00f8yder p\u00e5 MV&#8217;s hjemmesider og styret har f\u00f8lgende kommentarer til dette:<\/div>\n<div><\/div>\n<div>\n<p>Den vedtatte l\u00f8ypetraseen samt ny, sikker og en etterlengt bro over Ula i kommuneplanen for idrett og fysisk aktivitet\u00a02014-2017, &#8211; ble vedtatt av\u00a0kommunestyret 17.2.2014 \u2013 K12\/14. Kommunestyret\u00a0har\u00a0videre avsatt\u00a0kr 200\u00a0000\u00a0for \u00e5 kunne sluttf\u00f8re arbeidet\u00a0med en ny l\u00f8ypetrase\u00a0fra Loftsg\u00e5rd\u00a0til kryssing av Ulvangsvegen i enden av veien.<\/p>\n<\/div>\n<div>\n<p>Neste \u00e5r er det planlagt \u00e5 lage ny trase fra starten av l\u00f8ypa opp til til Bergetj\u00f8nn og<br \/>\nnordover mot Lurven med ny og sikker bro over Ula.<\/p>\n<p>Inntil den nye traseen er etablert og klar til \u00e5 ta i mot skil\u00f8pere, vil styret ikke ha vesentlige innvendinger mot at L\u00f8ypelaget kj\u00f8rer l\u00f8yper p\u00e5 vegen den\u00a0kommende vinteren.\u00a0Styret forventer en s\u00f8knad fra l\u00f8ypelaget og er\u00a0instilt\u00a0p\u00e5 \u00e5 gi dispensasjon med visse men kjente og av L\u00f8ypelaget aksepterte krav til prepareningen<br \/>\n(forutsetning av en reell framdrift i etableringen av ny l\u00f8ypetrase ligger til grunn)<\/p>\n<p>Styret ser fram til en fortsatt god og konstruktiv dialog med partene.<\/p>\n<\/div>\n<div><\/div>\n<div>\n<div>Med hvennlig hilsen,<\/div>\n<div>Styret \u00a0v\/ Harald Fagereng<\/div>\n<\/div>\n<p>&nbsp;<\/p>\n<p><strong>10 September 2014 :<\/strong><\/p>\n<p><strong><span style=\"text-decoration: underline;\">Informasjon fra styret vedr\u00f8rende ny skil\u00f8ypetras\u00e9\u00a0 og vinterbr\u00f8yting av Ulvangsvegen<\/span><\/strong><\/p>\n<p><strong><em>Bakgrunn br\u00f8yting :<\/em>\u00a0<\/strong>\u00c5rsm\u00f8tet i veilaget\u00a0 vedtok 21. april 2011 at styret skal arbeide\u00a0 for vinterbr\u00f8yting av hele Ulvangsvegen\u00a0 under forutsetning\u00a0 av at det ble etablert en tilfredsstillende alternativ skil\u00f8ype.<\/p>\n<p><strong><em>Ny trase :<\/em>\u00a0<\/strong>Ulvangsvegens styre har i \u00e5r hverken behandlet eller v\u00e6rt direkte involvert i det omtalte arbeidet knyttet til alternativ skil\u00f8ypetrase \/ ny sikker kryssing av Ula.<\/p>\n<p>Styret er imidlertid kjent med at medlemmer av veilaget har jobbet aktivt for \u00e5 f\u00e5 frem en alternativ skil\u00f8ype, og at kommunen ogs\u00e5 behandler saken<\/p>\n<p>Etter siste \u00e5rsm\u00f8te ble henvendelse fra L\u00f8ypelaget til veilaget vedr\u00f8rende ny skil\u00f8ypetras\u00e9, henvist til kommunen som rette ansvarlig og faglig instans.<\/p>\n<p>Har du sp\u00f8rsm\u00e5l knyttet til saken, ta gjerne kontakt med styret for mer informasjon.<\/p>\n<p>Se referat fra \u00e5rsm\u00f8tet 21.04.2011 under &laquo;Flik&raquo; for \u00c5rsm\u00f8te.<br \/>\nVinterbr\u00f8yting behandlet under pkt. 7 side 4.<\/p>\n<p><strong>\u00a0Med vennlig hilsen<\/strong><br \/>\n<strong>For styret i Ulvangsvegen veglag<\/strong><\/p>\n<p><strong>Harald Fagereng<\/strong><br \/>\n<strong>Styreleder<\/strong><\/p>\n<p>&nbsp;<\/p>\n<p>&nbsp;<\/p>\n<p>&nbsp;<\/p>\n<p><strong>4 September 2014 :<\/strong><\/p>\n<p>Her er tre lenker til lokalnytt som kan v\u00e6re av interesse :<\/p>\n<p><em><strong>Rypejakt : ( svak forbedring ? )<\/strong><\/em><br \/>\nhttp:\/\/www.gd.no\/nyheter\/article7562765.ece<\/p>\n<p><em><strong>Samarbeidsklima i Nord Dalen :<br \/>\n(hvordan komme videre i et &laquo;knapphets orientert&raquo; politisk klima &#8211;<br \/>\nkamp om lite vs. samarbeid om noe st\u00f8rre for alle)<br \/>\n<\/strong><\/em>http:\/\/www.gd.no\/nyheter\/article7559854.ece<\/p>\n<p><em><strong>Behov for \u00e5 utvikle det nasjonalt unike ved Oppland og Gudbrandsdalen :<br \/>\n<\/strong><strong>(verdien av \u00e5 ha en felles plattform i regionen, \u00a0og retning for utvikling av unike fortrinn)<\/strong><\/em><br \/>\nhttp:\/\/www.gd.no\/meninger\/article7561582.ece<\/p>\n<p>mvh,<br \/>\nKjetil F<\/p>\n<p>&nbsp;<\/p>\n<p>&nbsp;<\/p>\n<p>&nbsp;<\/p>\n<p>&nbsp;<\/p>\n<p><strong>12 August 2014,<\/strong><\/p>\n<p>H\u00e5per flest mulig av medlemmene har f\u00e5tt oppleve sommeren p\u00e5 Mysuseter i \u00e5r.<br \/>\nFantastiske forhold !<\/p>\n<p><strong>S\u00e5 litt praktisk informasjon vedr. bom og bomn\u00f8kler :<\/strong><\/p>\n<p>Boml\u00e5s og n\u00f8kler er av en type som har g\u00e5tt ut av produksjon. Dette betyr at vi ikke kan etterfylle med n\u00f8kler etterhvert. \u00a0 P\u00e5 et gitt tidspunkt m\u00e5 vi derfor over p\u00e5 et annet l\u00e5ssystem og dette vil p\u00e5f\u00f8re oss alle ekstra kostnader.<br \/>\nI sommer har det v\u00e6rt \u00f8kt p\u00e5gang av medlemmer som \u00f8nsker n\u00f8kkel av forskjellige \u00e5rsaker.<br \/>\n(tap\/ ikke f\u00e5tt av tidligere eier ved kj\u00f8p, har alltid kun hatt 1 og \u00f8nsker n\u00e5 2 stk etc etc)<br \/>\nMaks antall n\u00f8kler pr hytte er satt til 2stk, og vi \u00f8nsker \u00e5 overholde dette av hensyn til de ovenfor nevnte forhold.<br \/>\nI tillegg er pris (1000,- kr \/stk) og tilgjengelighet ment \u00e5 virke regulerende p\u00e5 ettersp\u00f8rsel og samtidig redusere risiko for at n\u00f8kler kommer p\u00e5 avveie.<\/p>\n<p>Pass p\u00e5 n\u00f8klene dere har, \u00a0og s\u00f8rg for at bommen holdes l\u00e5st !<\/p>\n<p>Fortsatt god sommer !<\/p>\n<p><strong>Kjetil F.<\/strong><\/p>\n<p>&nbsp;<\/p>\n<p>&nbsp;<\/p>\n<p>15 Juni 2014,<\/p>\n<p>Sommeren har for alvor kommet til Rondane \ud83d\ude42<br \/>\nMysuseter vel rapporterer om at veien til Spranget \u00e5pnet n\u00e5 i helgen.<br \/>\nVi satser p\u00e5 at godv\u00e6ret holder igjennom sommeren, og \u00f8nsker alle medlemmer fine dager i fjellet !<\/p>\n<p>Her kommer en p\u00e5minnelse om \u00e5 betale medlemskontigenten for innev\u00e6rende \u00e5r :<\/p>\n<p><strong>Kr. 500,- betales til :<\/strong><\/p>\n<p>Konto nr :\u00a01503.38.74577 DNB \u00a0(DenNorskeBank)<\/p>\n<p><em id=\"__mceDel\">IBAN \u00a0 \u00a0 \u00a0 \u00a0 \u00a0 \u00a0: \u00a0 \u00a0NO2015033874577<\/em><\/p>\n<p><em id=\"__mceDel\"><em id=\"__mceDel\">BIC \u00a0 \u00a0 \u00a0 \u00a0 \u00a0 \u00a0 \u00a0: \u00a0 \u00a0DNBANOKK<\/em><\/em><\/p>\n<p>Dersom du betaler fra en utenlandsk konto s\u00e5 er det ditt ansvar \u00e5 p\u00e5se at transaksjonskostnaden blir belastet din egen konto .<\/p>\n<p>&nbsp;<\/p>\n<p>P\u00e5 vegne av styret :<\/p>\n<p>Kjetil F.<\/p>\n<p>&nbsp;<\/p>\n<p>&nbsp;<\/p>\n<p>&nbsp;<\/p>\n<p>&nbsp;<\/p>\n<p>19 Mai 2014 :<\/p>\n<p>Gratulerer med vel overst\u00e5tt nasjonaldag og 200\u00e5rs jubileum !<\/p>\n<p>Signert \u00c5rsm\u00f8teprotokoll ligger p\u00e5 nettsiden under &laquo;\u00c5rsm\u00f8te&raquo;<\/p>\n<p>Veien er n\u00e5 i god forfatning, og det er s\u00e5 langt ingen tegn til ekstraordin\u00e6re skader etter v\u00e5rl\u00f8sning. De siste to \u00e5renes fresing og klargj\u00f8ring av veien til 1 mai har gitt gode resultater i form av redusert skadeomfang.<\/p>\n<p>For styret :<\/p>\n<p>Kjetil F<\/p>\n<p>&nbsp;<\/p>\n<p>28 April 2014 :<\/p>\n<p><strong>Nytt fra styret<\/strong><\/p>\n<p>Ulvangsvegen er kj\u00f8rbar fra 1 mai for <strong>personbiler<\/strong>. Veien er fremdeles noe v\u00e5t og myk. Kj\u00f8ringen skjer p\u00e5 eget ansvar og det oppfordres til forsiktig kj\u00f8ring. Lukk og l\u00e5s alltid bommen etter at du har passert.<\/p>\n<p>I forbindelse med at Svein Myhre har tr\u00e5dt ut av styret, vil det nye styret takke Svein for den store jobben som er utf\u00f8rt for veilaget gjennom mange \u00e5r.<\/p>\n<p>Villy Tangen fra Otta \u00f8nskes velkommen som nytt styremedlem i veilaget. Jarl \u00d8degaarden og Villy Tangen vil p\u00e5 vegne av styret ha ansvaret for driften av veien.<\/p>\n<p>Styret takker Kjetil Flaatedal for etablering og drifting av lagets hjemmesider.<br \/>\nHan fortsetter som redakt\u00f8r av veilagets nyttige hjemmeside i tillegg til \u00f8konomi funksjonen.<\/p>\n<p>Vi \u00f8nsker medlemmene en fin sommersesong p\u00e5 Mysuseter.<\/p>\n<p>Harald Fagereng<br \/>\nStyreleder<\/p>\n<div tabindex=\"0\"><\/div>\n<p>&nbsp;<\/p>\n<p>&nbsp;<\/p>\n<p>&nbsp;<\/p>\n<p>25 mars 2014 :<\/p>\n<p>Innkalling til \u00e5rsm\u00f8te er n\u00e5 lagt ut under &laquo;fliken&raquo; for denslags.<br \/>\nVel m\u00f8tt !<\/p>\n<p>for styret ;<br \/>\nKjetil F<\/p>\n<p>&nbsp;<\/p>\n<p>6 Mars 2014 :<\/p>\n<p><strong>\u00c5rsavgift :<\/strong> Etter gjennomgang av \u00e5rsregnskap viser det seg at kun 96 av 115 registrerte medlemmer har betalt for innev\u00e6rende \u00e5r (500,-). \u00a0 Dette er en selvf\u00f8lgelig en u\u00f8nsket situasjon, og kan ha sin \u00e5rsak i at vi n\u00e5 i hovedsak sender ut krav pr mail, samt kunngj\u00f8r bel\u00f8p og tidsfrist her p\u00e5 hjemmesiden. Noen f\u00e5r papirfaktura fremdeles.<br \/>\nAv de som har mottatt papirfaktura er det kun 3 som ikke har betalt.<\/p>\n<p>Dette betyr at alle de som er usikre p\u00e5 om de har betalt m\u00e5 se p\u00e5 sin transaksjonsoversikt p\u00e5 nettbanken for \u00e5 sjekke at avgift er betalt.<\/p>\n<p>V\u00e5r regnskapsf\u00f8rer vil i tillegg fram mot \u00c5rsm\u00f8tet gjennomg\u00e5 lister for \u00e5 avdekke manglende betaling. Slike funn vil faktureres med et tillagt ekstra adm. gebyr.<\/p>\n<p>Vi har ikke hatt tradisjon for inndriving av utest\u00e5ende og h\u00e5per virkelig at vi slipper slike prosesser.<\/p>\n<p>Samtidig oppfordrer styret utenlandske medlemmer \u00e5 p\u00e5se at transaksjonsgebyret p\u00e5 IBAN\/ SWIFT overf\u00f8ringer ikke belastes mottaker (Veilaget) .<br \/>\nDette m\u00e5 avsender st\u00e5 for selv.<\/p>\n<p>mvh,<br \/>\nKjetil<\/p>\n<p>&nbsp;<\/p>\n<p>6 Mars 2014 :<\/p>\n<p>Innkalling til \u00e5rsm\u00f8te 2014 er n\u00e5 lagt ut under rubrikken &laquo;\u00c5rsm\u00f8te&raquo; her p\u00e5<br \/>\nhjemmesiden.<br \/>\nEndelig innkalling med sakspapirer blir lagt ut 27 Mars.<\/p>\n<p>For styret : Kjetil Flaatedal<\/p>\n<p>&nbsp;<\/p>\n<p>23 Januar 2014 :<\/p>\n<p>Det nye \u00e5ret er godt i gang !<br \/>\nVi som var her i f\u00f8rste del av Juleferien lurte vel p\u00e5 om det ble ski sesong i \u00e5r &#8230;<br \/>\nFurusj\u00f8l\u00f8ypa var ok men p\u00e5 veien mot Spranget var det delvis bart for sn\u00f8.<br \/>\nMot slutten juleuken kom det endelig sn\u00f8 nok, og Glitterdalen fikk l\u00f8ypekj\u00f8ring \ud83d\ude42<br \/>\n<em id=\"__mceDel\">N\u00e5 er det fine forhold til tross for at det fortsatt er en relativt sn\u00f8fattig vinter.<\/em><\/p>\n<p>S\u00e5 over til noe mer kjedelig enn ski men allikevel viktig for oss alle :<\/p>\n<p>I forbindelse med at Veglaget skiftet organisasjonsnummer i 2013 fikk vi ogs\u00e5 ny konto i DnB. Dette kontonummeret skal benyttes for alle innbetalinger fom Januar 2014<br \/>\n(gammel konto opprettholdes ut februar og s\u00e5 stenges den)<\/p>\n<p>Ny konto er \u00a0: \u00a0 1503.38.74577 DNB \u00a0(DenNorskeBank)<br \/>\nIBAN \u00a0 \u00a0 \u00a0 \u00a0 \u00a0 \u00a0: \u00a0 \u00a0NO2015033874577<br \/>\nBIC \u00a0 \u00a0 \u00a0 \u00a0 \u00a0 \u00a0 \u00a0: \u00a0 \u00a0DNBANOKK<\/p>\n<p>mvh og for Styret :<br \/>\n<em>Kjetil F.<\/em><\/p>\n<p>&nbsp;<\/p>\n<p>16\/12 &#8211;<br \/>\nI forbindelse med lite sn\u00f8 og n\u00e6rt forest\u00e5ende jule\/nytt\u00e5rshelg har det kommet inn foresp\u00f8rsler om\u00a0tilpasset sn\u00f8rydding\u00a0av vegen fra Jakhelln krysset og innover, \u00a0dette for \u00e5 mulliggj\u00f8re bilferdsel.<\/p>\n<div>Styret har videreformidlet disse foresp\u00f8rsler til de rette instanser, og det foreligger n\u00e5 et svar fra kommunen.<\/div>\n<div>\n<div><em><strong>&#8216; Det vil ikke bli gitt tillatelse til \u00e5\u00a0sn\u00f8rydde i jule\/nytt\u00e5rshelgen for de\u00a0nevnte deler av vegen&#8217;<\/strong><\/em><\/div>\n<\/div>\n<p>Styret<\/p>\n<p>&nbsp;<\/p>\n<p>&nbsp;<\/p>\n<p>11\/12 &#8211;<br \/>\nSist helg lavet sn\u00f8en ned etter en uke med mye vind og skiftende forhold.<br \/>\nL\u00f8rdag og s\u00f8ndag var det nydelig med\u00a0med -10C og 15cm nysn\u00f8.<br \/>\nDet ser lovende ut men det skal mer til f\u00f8r l\u00f8yper kan kj\u00f8res, og skisesongen dras i gang for alvor.<br \/>\nVi avventer og kommer tilbake med mer f\u00f8r juleferien starter.<\/p>\n<p>KF<\/p>\n<p>&nbsp;<\/p>\n<p>27\/9 &#8211;<br \/>\nSkisesongen 2013\/14 :<br \/>\nDet er lagt til rette for l\u00f8ypekj\u00f8ring p\u00e5 Ulvangsvegen kommende vinter.<br \/>\nStyret\u00a0v\/ styreleder\u00a0har sendt\u00a0en skriftlig tillatelse\u00a0til L\u00f8ypelaget\u00a0m. kopi til Sel Kommune den 16 september.\u00a0 ( protokollf\u00f8rt og tilgjengelig )<br \/>\nS\u00e5 da f\u00e5r vi h\u00e5pe p\u00e5 mye sn\u00f8 og fine forhold i vinter !<\/p>\n<p>Her kommer ogs\u00e5 informasjon fra styrets vegtekniske ansvarlige :<\/p>\n<p>mvh \/\u00a0 Harald<\/p>\n<p><em>&raquo;\u00a0 Hei.<\/em><br \/>\n<em>Vi forbereder oss p\u00e5 vinter. Det er lagt en ny stikkrenne for \u00e5 ta vann som<\/em><br \/>\n<em>graver i vegkanten p\u00e5 v\u00e5ren. Det er ogs\u00e5 tredd plastslanger ( for &laquo;steaming\/ damptining)\u00a0 i flere stikkrenner <\/em><em>for \u00e5 lette tininga til v\u00e5ren.<br \/>\nVi har\u00a0denne sesongen\u00a0f\u00e5tt utf\u00f8rt alle planlagte vedlikeholdstiltak\u00a0, p\u00e5 eller rett under budsjettert bel\u00f8p. Samarbeide med entrepren\u00f8r har v\u00e6rt meget godt.<\/em><\/p>\n<p><em>Vi \u00f8nsker alle en god h\u00f8st og<\/em><br \/>\n<em>vinter i Rondane.<\/em><\/p>\n<p><em>Vennlig hilsen Jarl.\u00a0 &raquo; <\/em><\/p>\n<p>&nbsp;<\/p>\n<p>25\/9 &#8211;<br \/>\nH\u00f8stferien n\u00e6rmer seg for mange.<br \/>\nDe siste to \u00e5rene har vi hatt sn\u00f8fall i siste del av uke 40.<br \/>\nMinner derfor om \u00e5 sko kj\u00f8ret\u00f8y og folk for slike forhold.<\/p>\n<p>Styret \u00f8nsker alle medlemmer en fin fjelluke !<\/p>\n<p><a href=\"http:\/\/www.ulvangsvegen.no\/wp-content\/uploads\/2013\/04\/Mot-Rondane.jpg\"><img loading=\"lazy\" decoding=\"async\" class=\"alignnone size-medium wp-image-132\" style=\"width: 500px;\" alt=\"Mot Rondane\" src=\"http:\/\/www.ulvangsvegen.no\/wp-content\/uploads\/2013\/04\/Mot-Rondane-300x225.jpg\" width=\"592\" height=\"249\" \/><\/a><\/p>\n<p><em>Sn\u00f8 p\u00e5 Rondane (lengst bak). Sett fra\u00a0Sm\u00e5dalen forrige fredag.<\/em><\/p>\n<p>mvh \/ Kjetil<\/p>\n<p>&nbsp;<\/p>\n<p>16\/9 &#8211;<\/p>\n<p>Det er n\u00e5 82 medlemmer som har betalt kontigent.<br \/>\nStyret oppfordrer ettern\u00f8lere til \u00e5 betalt snarest mulig.<\/p>\n<p>Fra og med 1\/1 &#8211; 2014 vil vi f\u00e5 en ny konto i DnB.<br \/>\nInformasjon om nytt kontonummer for innbetalinger 2015 kommer.<\/p>\n<p>mvh \/ Kjetil<\/p>\n<p>&nbsp;<\/p>\n<p>15\/8 &#8211;<\/p>\n<p>N\u00e5 skal (endelig) alle ha f\u00e5tt mail vedr. innbetaling av medlemskontigent.<br \/>\nFristen\u00a0var tidligere satt til i dag 15\/8. Denne er n\u00e5 satt til 29\/8-13 (ref. fakturamail)<br \/>\nFlere\u00a0har betalt allerede.<br \/>\nOppfordrer\u00a0samtlige til \u00e5 betale inn kontigent snarest og innenfor ny bet.frist.<\/p>\n<p>Her f\u00f8lger kopi av mail fra Otta regnskap til det enkelte medlem\u00a0:<\/p>\n<p>&#8212;&#8212;&#8212;&#8212;&#8212;&#8212;&#8212;&#8212;&#8212;&#8212;&#8212;&#8212;&#8212;&#8212;&#8212;&#8212;&#8212;&#8212;&#8212;&#8212;&#8212;&#8212;&#8212;&#8212;&#8212;&#8212;&#8212;&#8212;&#8212;&#8212;&#8212;&#8212;&#8212;&#8212;&#8212;&#8212;&#8212;&#8212;&#8211;<\/p>\n<p><em><strong>Hei!<\/strong><\/em><\/p>\n<p><em><strong>\u00a0\u00c5rskontingent for 2013<\/strong><\/em><\/p>\n<p><em><strong>\u00a0I flg. vedtak p\u00e5 \u00e5rsm\u00f8tet den 28.03.2013 ble kontingenten satt til kr 500.<\/strong><\/em><\/p>\n<p><em><strong>\u00a0Bel\u00f8pet bes innbetalt til konto: 1503.28.19203 i DnB innen den 29.08.2013.<\/strong><\/em><\/p>\n<p><em><strong>IBAN:NO10<\/strong><\/em><\/p>\n<p><em><strong>Swift: DNBANOKKXXX<\/strong><\/em><\/p>\n<p><b>\u00a0<\/b><strong><em>Kontonavn:<\/em><\/strong><\/p>\n<p><strong><em>Ulvangveien BA<\/em><\/strong><\/p>\n<p><strong><em>C\/O Kjetil Olav Flaatedal<\/em><\/strong><\/p>\n<p><strong><em>Bukken Bruses Vei 5<\/em><\/strong><\/p>\n<p><strong><em>0851 OSLO<\/em><\/strong><\/p>\n<p><strong><em>Henning Grindstuen<\/em><\/strong><br \/>\n<strong><em>Autorisert regnskapsf\u00f8rer\/IKT-ansvarlig<\/em><\/strong><\/p>\n<p><strong><em>\u00d8konor Otta<\/em><\/strong><br \/>\n<strong><em>+47 61 23 66 32 \/\/ +47 952 15 315<\/em><\/strong><br \/>\n<strong><em><a href=\"mailto:henning.grindstuen@okonor.no\">henning.grindstuen@okonor.no<\/a><\/em><\/strong><br \/>\n<strong><em><a href=\"http:\/\/www.okonor.no\">www.okonor.no<\/a><\/em><\/strong><\/p>\n<p>&#8212;&#8212;&#8212;&#8212;&#8212;&#8212;&#8212;&#8212;&#8212;&#8212;&#8212;&#8212;&#8212;&#8212;&#8212;&#8212;&#8212;&#8212;&#8212;&#8212;&#8212;&#8212;&#8212;&#8212;&#8212;&#8212;&#8212;&#8212;&#8212;&#8212;&#8212;&#8212;&#8212;&#8212;&#8212;&#8212;&#8212;&#8212;&#8211;<\/p>\n<p>8\/8 &#8211;<br \/>\nHyggelig med positive meldinger\/ kommentarer\u00a0om hjemmesiden \ud83d\ude42<br \/>\nDet kommer ogs\u00e5 fra tid til annen sp\u00f8rsm\u00e5l og forslag som vi desverre i tr\u00e5d med \u00e5rsm\u00f8tevedtaket ikke besvarer via hjemmesiden n\u00e5 i f\u00f8rste omgang.<br \/>\nHjemmesiden er kun ment som en oppslagstavle inntil videre.<\/p>\n<p>Sp\u00f8rsm\u00e5l og forslag sendes p\u00e5 mail til styret v\/ styreleder.<\/p>\n<p>KF<\/p>\n<p>&nbsp;<\/p>\n<p>31\/7 &#8211;<\/p>\n<p>Fortsatt god sommer til alle medlemmer !<br \/>\nDet har v\u00e6rt og er fantastisk flotte forhold p\u00e5 fjellet .<br \/>\nDet er utf\u00f8rt et antall lokale utbedringer av veien ( p\u00e5fylling og utjevning av masser ).\u00a0 Det har v\u00e6rt\u00a0en del\u00a0hyttebyggings aktivitet, og da er det ekstra viktig for utbyggerne \u00e5 p\u00e5se at bommen blir l\u00e5st ihht forskriftene.<br \/>\nSt\u00f8ving fra veien i\u00a0t\u00f8rre perioder er et problem som styret ser p\u00e5.<br \/>\nDet er viktig at medlemmene hjelper til med \u00e5 holde problemet p\u00e5 et minimum ved \u00e5 holde lav fart. Nok et argument for lav fart i tillegg til sikkerhet !!<\/p>\n<p>Medlemskontigent mail (og brev til de som ikke har mail)\u00a0er p\u00e5 vei ut. Noen har f\u00e5tt tilsendt og noen ikke ( dette pga mailserver problemer hos \u00d8konor).<\/p>\n<p>Fristen for betaling som var satt til 1 Aug. er utsatt til 15 August pga ovenfor nevnte problemer.<\/p>\n<p>Det oppfordres derfor til \u00e5 betale inn \u00e5rsavgift 2013 (500,-) direkte til Veilagets konto :<br \/>\n<strong>1503.28.19203\u00a0(DNB)<\/strong><\/p>\n<p>NB !\u00a0 Husk \u00e5 merke betaling med\u00a0 :<br \/>\n&#8211; G\u00e5rds nr\/Bruks nr p\u00e5 hytta<br \/>\n&#8211; Fullt navn\/ adresse p\u00e5 betaler og eier<\/p>\n<p>For styret :<\/p>\n<p>Kjetil Flaatedal<\/p>\n<p>&nbsp;<\/p>\n<p>&nbsp;<\/p>\n<p>&nbsp;<\/p>\n<p><strong>25\/6 &#8211; <\/strong><\/p>\n<p><strong>Da har tiden kommet for \u00e5 betale inn \u00e5rsavgift for 13\/14 som i \u00e5r ble satt til<br \/>\nkroner 500,-\u00a0<\/strong><br \/>\n<strong>Frist for innbetaling er 1 August.\u00a0<\/strong><br \/>\n<strong>Regnskapsf\u00f8rer Stein Svendsen i \u00d8konor vil kommende uke sende ut<br \/>\ne-mail\u00a0<\/strong><strong>med\u00a0betalingsinformasjon til alle.\u00a0\u00a0<\/strong><br \/>\n<strong>Til de av dere som ikke bruker e-mail vil det g\u00e5 ut brev med \u00e5rsm\u00f8tereferat<br \/>\nog <\/strong><strong>innbetalingsblakett.<\/strong><\/p>\n<p><strong>Styret ber om at alle er presise med \u00e5 merke betaling med :<\/strong><br \/>\n<strong>\u00a0\u00a0\u00a0\u00a0\u00a0\u00a0\u00a0\u00a0\u00a0\u00a0\u00a0\u00a0\u00a0\u00a0\u00a0\u00a0\u00a0\u00a0\u00a0\u00a0\u00a0\u00a0\u00a0\u00a0\u00a0\u00a0 &#8211; G\u00e5rds nr\/Bruks nr p\u00e5 hytta<\/strong><br \/>\n<strong>\u00a0\u00a0\u00a0\u00a0\u00a0\u00a0\u00a0\u00a0\u00a0\u00a0\u00a0\u00a0\u00a0\u00a0\u00a0\u00a0\u00a0\u00a0\u00a0\u00a0\u00a0\u00a0\u00a0\u00a0\u00a0\u00a0 &#8211; Fullt navn\/ adresse p\u00e5 betaler og eier<\/strong><\/p>\n<p><strong>Dette vil forenkle arbeidet betraktelig.<\/strong><\/p>\n<p><strong>Ha en riktig god sommer p\u00e5 fjellet !<\/strong><\/p>\n<p><strong>For styret ;<\/strong><br \/>\n<strong>Kjetil Flaatedal<\/strong><\/p>\n<p>&nbsp;<\/p>\n<p><strong>19\/6 &#8211;\u00a0<\/strong><strong>N\u00e5 er innkalling og protokoll (m. revisorberetning) for \u00e5rsm\u00f8te 2013 lagt ut under flik &laquo;\u00c5rsm\u00f8te&raquo;<\/strong><\/p>\n<p>&nbsp;<\/p>\n<p><strong>31\/5 &#8211;\u00a0 God tur til alle som skal p\u00e5 fjellet i helgen.<br \/>\nDet ser ut til at finv\u00e6ret holder til godt utp\u00e5 l\u00f8rdagen. Det er 1 juni i morgen men de tunge lassene b\u00f8r du nok vente med til veien er t\u00f8rket ordentlig opp.<br \/>\nTa kontakt med RoyFrode Bj\u00f8rnvolden for vurdering av n\u00e5r dette kan skje.<br \/>\n\/KF<\/strong><\/p>\n<p>&nbsp;<\/p>\n<p><strong>28\/5-\u00a0 Da er E6 \u00e5pnet for ordin\u00e6r trafikk.\u00a0<\/strong><br \/>\n<img decoding=\"async\" title=\"Flommen p\u00e5 \u00d8stlandet 2013.&lt;br \/&gt;&lt;br \/&gt;&lt;br \/&gt;&lt;br \/&gt;&lt;br \/&gt;&lt;br \/&gt;&lt;br \/&gt;&lt;br \/&gt;&lt;br \/&gt;&lt;br \/&gt;&lt;br \/&gt;&lt;br \/&gt;&lt;br \/&gt;&lt;br \/&gt;&lt;br \/&gt;&lt;br \/&gt;&lt;br \/&gt;&lt;br \/&gt;&lt;br \/&gt;&lt;br \/&gt;&lt;br \/&gt;&lt;br \/&gt;&lt;br \/&gt;&lt;br \/&gt;&lt;br \/&gt;&lt;br \/&gt;&lt;br \/&gt;&lt;br \/&gt;&lt;br \/&gt;&lt;br \/&gt;&lt;br \/&gt;&lt;br \/&gt;&lt;br \/&gt;&lt;br \/&gt;&lt;br \/&gt;&lt;br \/&gt;&lt;br \/&gt;&lt;br \/&gt;&lt;br \/&gt;&lt;br \/&gt;&lt;br \/&gt;&lt;br \/&gt;&lt;br \/&gt;&lt;br \/&gt;&lt;br \/&gt;&lt;br \/&gt;&lt;br \/&gt;&lt;br \/&gt;&lt;br \/&gt;&lt;br \/&gt;&lt;br \/&gt;&lt;br \/&gt;&lt;br \/&gt;&lt;br \/&gt;&lt;br \/&gt;&lt;br \/&gt;&lt;br \/&gt;&lt;br \/&gt;&lt;br \/&gt;&lt;br \/&gt;&lt;br \/&gt;&lt;br \/&gt;&lt;br \/&gt;&lt;br \/&gt;&lt;br \/&gt;&lt;br \/&gt;&lt;br \/&gt;&lt;br \/&gt;&lt;br \/&gt;&lt;br \/&gt;&lt;br \/&gt;&lt;br \/&gt;&lt;br \/&gt;&lt;br \/&gt;&lt;br \/&gt;&lt;br \/&gt;&lt;br \/&gt;&lt;br \/&gt;&lt;br \/&gt;&lt;br \/&gt;&lt;br \/&gt;&lt;br \/&gt;&lt;br \/&gt;&lt;br \/&gt;&lt;br \/&gt;&lt;br \/&gt;&lt;br \/&gt;&lt;br \/&gt;&lt;br \/&gt;&lt;br \/&gt;&lt;br \/&gt;&lt;br \/&gt;&lt;br \/&gt;&lt;br \/&gt;&lt;br \/&gt;&lt;br \/&gt;&lt;br \/&gt;&lt;br \/&gt;&lt;br \/&gt;&lt;br \/&gt;&lt;br \/&gt;&lt;br \/&gt;&lt;br \/&gt;&lt;br \/&gt;\nStore nedb\u00f8rsmengder har f\u00f8rt til flom flere steder p\u00e5 \u00d8stlandet.&lt;\/p&gt;&lt;br \/&gt;&lt;br \/&gt;&lt;br \/&gt;&lt;br \/&gt;&lt;br \/&gt;&lt;br \/&gt;&lt;br \/&gt;&lt;br \/&gt;&lt;br \/&gt;&lt;br \/&gt;&lt;br \/&gt;&lt;br \/&gt;&lt;br \/&gt;&lt;br \/&gt;&lt;br \/&gt;&lt;br \/&gt;&lt;br \/&gt;&lt;br \/&gt;&lt;br \/&gt;&lt;br \/&gt;&lt;br \/&gt;&lt;br \/&gt;&lt;br \/&gt;&lt;br \/&gt;&lt;br \/&gt;&lt;br \/&gt;&lt;br \/&gt;&lt;br \/&gt;&lt;br \/&gt;&lt;br \/&gt;&lt;br \/&gt;&lt;br \/&gt;&lt;br \/&gt;&lt;br \/&gt;&lt;br \/&gt;&lt;br \/&gt;&lt;br \/&gt;&lt;br \/&gt;&lt;br \/&gt;&lt;br \/&gt;&lt;br \/&gt;&lt;br \/&gt;&lt;br \/&gt;&lt;br \/&gt;&lt;br \/&gt;&lt;br \/&gt;&lt;br \/&gt;&lt;br \/&gt;&lt;br \/&gt;&lt;br \/&gt;&lt;br \/&gt;&lt;br \/&gt;&lt;br \/&gt;&lt;br \/&gt;&lt;br \/&gt;&lt;br \/&gt;&lt;br \/&gt;&lt;br \/&gt;&lt;br \/&gt;&lt;br \/&gt;&lt;br \/&gt;&lt;br \/&gt;&lt;br \/&gt;&lt;br \/&gt;&lt;br \/&gt;&lt;br \/&gt;&lt;br \/&gt;&lt;br \/&gt;&lt;br \/&gt;&lt;br \/&gt;&lt;br \/&gt;&lt;br \/&gt;&lt;br \/&gt;&lt;br \/&gt;&lt;br \/&gt;&lt;br \/&gt;&lt;br \/&gt;&lt;br \/&gt;&lt;br \/&gt;&lt;br \/&gt;&lt;br \/&gt;&lt;br \/&gt;&lt;br \/&gt;&lt;br \/&gt;&lt;br \/&gt;&lt;br \/&gt;&lt;br \/&gt;&lt;br \/&gt;&lt;br \/&gt;&lt;br \/&gt;&lt;br \/&gt;&lt;br \/&gt;&lt;br \/&gt;&lt;br \/&gt;&lt;br \/&gt;&lt;br \/&gt;&lt;br \/&gt;&lt;br \/&gt;&lt;br \/&gt;&lt;br \/&gt;&lt;br \/&gt;&lt;br \/&gt;&lt;br \/&gt;\n&lt;p&gt;Foto: H\u00e5kon Mosvold Larsen \/ NTB scanpix\" alt=\"Flommen p\u00e5 \u00d8stlandet 2013.&lt;br \/&gt;&lt;br \/&gt;&lt;br \/&gt;&lt;br \/&gt;&lt;br \/&gt;&lt;br \/&gt;&lt;br \/&gt;&lt;br \/&gt;&lt;br \/&gt;&lt;br \/&gt;&lt;br \/&gt;&lt;br \/&gt;&lt;br \/&gt;&lt;br \/&gt;&lt;br \/&gt;&lt;br \/&gt;&lt;br \/&gt;&lt;br \/&gt;&lt;br \/&gt;&lt;br \/&gt;&lt;br \/&gt;&lt;br \/&gt;&lt;br \/&gt;&lt;br \/&gt;&lt;br \/&gt;&lt;br \/&gt;&lt;br \/&gt;&lt;br \/&gt;&lt;br \/&gt;&lt;br \/&gt;&lt;br \/&gt;&lt;br \/&gt;&lt;br \/&gt;&lt;br \/&gt;&lt;br \/&gt;&lt;br \/&gt;&lt;br \/&gt;&lt;br \/&gt;&lt;br \/&gt;&lt;br \/&gt;&lt;br \/&gt;&lt;br \/&gt;&lt;br \/&gt;&lt;br \/&gt;&lt;br \/&gt;&lt;br \/&gt;&lt;br \/&gt;&lt;br \/&gt;&lt;br \/&gt;&lt;br \/&gt;&lt;br \/&gt;&lt;br \/&gt;&lt;br \/&gt;&lt;br \/&gt;&lt;br \/&gt;&lt;br \/&gt;&lt;br \/&gt;&lt;br \/&gt;&lt;br \/&gt;&lt;br \/&gt;&lt;br \/&gt;&lt;br \/&gt;&lt;br \/&gt;&lt;br \/&gt;&lt;br \/&gt;&lt;br \/&gt;&lt;br \/&gt;&lt;br \/&gt;&lt;br \/&gt;&lt;br \/&gt;&lt;br \/&gt;&lt;br \/&gt;&lt;br \/&gt;&lt;br \/&gt;&lt;br \/&gt;&lt;br \/&gt;&lt;br \/&gt;&lt;br \/&gt;&lt;br \/&gt;&lt;br \/&gt;&lt;br \/&gt;&lt;br \/&gt;&lt;br \/&gt;&lt;br \/&gt;&lt;br \/&gt;&lt;br \/&gt;&lt;br \/&gt;&lt;br \/&gt;&lt;br \/&gt;&lt;br \/&gt;&lt;br \/&gt;&lt;br \/&gt;&lt;br \/&gt;&lt;br \/&gt;&lt;br \/&gt;&lt;br \/&gt;&lt;br \/&gt;&lt;br \/&gt;&lt;br \/&gt;&lt;br \/&gt;&lt;br \/&gt;&lt;br \/&gt;&lt;br \/&gt;&lt;br \/&gt;\nStore nedb\u00f8rsmengder har f\u00f8rt til flom flere steder p\u00e5 \u00d8stlandet.&lt;\/p&gt;&lt;br \/&gt;&lt;br \/&gt;&lt;br \/&gt;&lt;br \/&gt;&lt;br \/&gt;&lt;br \/&gt;&lt;br \/&gt;&lt;br \/&gt;&lt;br \/&gt;&lt;br \/&gt;&lt;br \/&gt;&lt;br \/&gt;&lt;br \/&gt;&lt;br \/&gt;&lt;br \/&gt;&lt;br \/&gt;&lt;br \/&gt;&lt;br \/&gt;&lt;br \/&gt;&lt;br \/&gt;&lt;br \/&gt;&lt;br \/&gt;&lt;br \/&gt;&lt;br \/&gt;&lt;br \/&gt;&lt;br \/&gt;&lt;br \/&gt;&lt;br \/&gt;&lt;br \/&gt;&lt;br \/&gt;&lt;br \/&gt;&lt;br \/&gt;&lt;br \/&gt;&lt;br \/&gt;&lt;br \/&gt;&lt;br \/&gt;&lt;br \/&gt;&lt;br \/&gt;&lt;br \/&gt;&lt;br \/&gt;&lt;br \/&gt;&lt;br \/&gt;&lt;br \/&gt;&lt;br \/&gt;&lt;br \/&gt;&lt;br \/&gt;&lt;br \/&gt;&lt;br \/&gt;&lt;br \/&gt;&lt;br \/&gt;&lt;br \/&gt;&lt;br \/&gt;&lt;br \/&gt;&lt;br \/&gt;&lt;br \/&gt;&lt;br \/&gt;&lt;br \/&gt;&lt;br \/&gt;&lt;br \/&gt;&lt;br \/&gt;&lt;br \/&gt;&lt;br \/&gt;&lt;br \/&gt;&lt;br \/&gt;&lt;br \/&gt;&lt;br \/&gt;&lt;br \/&gt;&lt;br \/&gt;&lt;br \/&gt;&lt;br \/&gt;&lt;br \/&gt;&lt;br \/&gt;&lt;br \/&gt;&lt;br \/&gt;&lt;br \/&gt;&lt;br \/&gt;&lt;br \/&gt;&lt;br \/&gt;&lt;br \/&gt;&lt;br \/&gt;&lt;br \/&gt;&lt;br \/&gt;&lt;br \/&gt;&lt;br \/&gt;&lt;br \/&gt;&lt;br \/&gt;&lt;br \/&gt;&lt;br \/&gt;&lt;br \/&gt;&lt;br \/&gt;&lt;br \/&gt;&lt;br \/&gt;&lt;br \/&gt;&lt;br \/&gt;&lt;br \/&gt;&lt;br \/&gt;&lt;br \/&gt;&lt;br \/&gt;&lt;br \/&gt;&lt;br \/&gt;&lt;br \/&gt;&lt;br \/&gt;&lt;br \/&gt;\n&lt;p&gt;Foto: H\u00e5kon Mosvold Larsen \/ NTB scanpix\" src=\"http:\/\/imbo01.vg.no\/users\/bildespesial\/images\/e58ed49469387524e35a9936df0397d8.jpg?t[]=crop%3Ax%3D0%2Cy%3D0%2Cwidth%3D5184%2Cheight%3D3456&amp;t[]=maxSize%3Awidth%3D990%2Cheight%3D660&amp;accessToken=37b1bb58e60fb193432d8ae5094369670380ddc64d257cbd0ebf3e0ba69cb5e3\" \/><\/p>\n<p>Bilde fra Otta\u00a0 (Foto: H\u00e5kon Mosvold Larsen \/ NTB scanpix)<\/p>\n<p>&nbsp;<\/p>\n<p><strong>24\/5 &#8211; Flommen og \u00f8deleggelsene er omfattende.<br \/>\nVeimyndighetene kommer ikke til \u00e5 \u00e5pne hovedveiene\u00a0nordover i Gudbrandsdalen og \u00d8sterdalen\u00a0f\u00f8r om mange dager. <\/strong><br \/>\n<strong>Vannstanden i l\u00e5gen, sjoa og ottaelva kan enn\u00e5 stige.\u00a0 <\/strong><br \/>\n<strong>Ulvangsvegen er bl\u00f8t , men inntakt og kj\u00f8rbar. <\/strong><br \/>\n<strong>De som absolutt vil p\u00e5 fjellet i helgen m\u00e5 tenke seg godt om, og lytte til myndighetenes oppfordringer. <\/strong><\/p>\n<p><strong>\/KF<\/strong><\/p>\n<p>&nbsp;<\/p>\n<p><strong>23\/5 &#8211; Da ble det flom og store \u00f8deleggelser i \u00e5r igjen &#8230;\u00a0 <\/strong><br \/>\n<strong>Flere strekninger langs E6 er stengt, og p\u00e5 Kvam har det\u00a0v\u00e6rt sv\u00e6rt dramatisk siden i g\u00e5r.<br \/>\nP\u00e5 Otta har det g\u00e5tt ras, og b\u00e5de Sagtunet og Ottatunet er oversv\u00f8mt. Jernbaneovergangen er stengt og trafikken dirigeres over h\u00f8gbrua. Nyhetene i aviser og p\u00e5 TV dekker situasjonen l\u00f8pende.<\/strong><\/p>\n<p><strong>Den eneste farbare riksvei til Otta akkurat n\u00e5 er via Valdresflya blir det opplyst\u00a0i &laquo;Gudbrandsd\u00f8len Dagningen&raquo;.<\/strong><\/p>\n<p><strong>Kommer tilbake med situasjonen p\u00e5 fjellet og for Ulvangsvegen.<\/strong><\/p>\n<p><strong>\/ KF<\/strong><\/p>\n<p>&nbsp;<\/p>\n<p><strong>22\/5 &#8211; Vel overst\u00e5tt pinsehelg !\u00a0 <\/strong><br \/>\n<strong>Lenge siden det har v\u00e6rt slik varme til fjells \ud83d\ude42<\/strong><br \/>\n<strong>Denne uken\u00a0er det regn og lavere temperaturer som gjelder.<\/strong><br \/>\n<strong>Elvene nede i dalen g\u00e5r flomstore, og det kan bli stengning langs deler av E6 dersom det kommer mer styrtregn utover i uka. <\/strong><br \/>\n<strong>Langs Ulvangsvegen ser det fremdeles bra ut, og vegen kan brukes ihht forskrift.<\/strong><\/p>\n<p><strong>Det kommer mer informasjon om utviklingen p\u00e5 denne siden ila de neste 48 timene.<\/strong><\/p>\n<p><strong>Det er kj\u00f8rt p\u00e5 noe ny masse p\u00e5 en del av vegen (f\u00f8r krysset med vegen opp mot Berget).<\/strong><\/p>\n<p><strong>N\u00e5r det gjelder hjemmesiden v\u00e5r, s\u00e5 der det gledelig \u00e5 se at den brukes\u00a0 \ud83d\ude42<\/strong><br \/>\n<strong>De siste ukene s\u00e5 har antall unike\u00a0treff (da telles s\u00f8k fra din unike adresse i l\u00f8pet av \u00a024 timer kun 1 gang)\u00a0 &#8211;\u00a0 ligget p\u00e5 mellom 25 og 30 daglig.<\/strong><br \/>\n<strong>Det betyr at\u00a0ca. 25% av medlemmene sjekker hjemmesiden hver dag !<\/strong><br \/>\n<strong>&#8211; spennende \u00e5 f\u00f8lge med p\u00e5\u00a0utviklingen framover.<\/strong><\/p>\n<p><strong>\/KF<\/strong><\/p>\n<p>&nbsp;<\/p>\n<p>&nbsp;<\/p>\n<p><strong>15\/5 &#8211; Da ser det ut til at det blir kj\u00f8rbar vei (personbiler) til pinsehelgen. Veien har klart seg fint i den perioden vi har v\u00e6rt igjennom. Akkurat n\u00e5 er det sludd\/sn\u00f8 i lufta p\u00e5 H\u00f8vringen og Mysuseter, men det er antatt forbig\u00e5ende. Det er meldt mye nedb\u00f8r de neste 2 d\u00f8gn, men s\u00e5 skal det bli fint mot slutten av helgen.<br \/>\nVegkantene er fremdeles bl\u00f8te p\u00e5 denne tiden av \u00e5ret, og kan\u00a0rase hvis du kommer for langt ut\u00a0&#8211; s\u00e5 pass p\u00e5 !<\/strong><\/p>\n<p><strong>Ha en riktig fin 17mai og en flott Pinsehelg !<\/strong><\/p>\n<p><strong>Styret v\/ Kjetil F.<\/strong><\/p>\n<p>&nbsp;<\/p>\n<p><strong>13\/5 &#8211;\u00a0 Til tross for mye regn og smelting har vegen v\u00e6rt kj\u00f8rbar\u00a0hele helgen. Videre utvikling av veistandard fram mot pinse beror p\u00e5 nedb\u00f8rsmengder og temperatur kommende dager.\u00a0\u00a0<\/strong><br \/>\n<strong>Styret holder l\u00f8pende kontakt med Bj\u00f8rnvolden og kommer med mer informasjon <\/strong><br \/>\n<strong>s\u00e5 snart dette foreligger.<br \/>\nKF<\/strong><\/p>\n<p>&nbsp;<\/p>\n<p><strong>10\/ 5 &#8211;\u00a0 Da har sn\u00f8smeltingen startet for alvor , se rapport i fra Jarl :<\/strong><\/p>\n<p><strong>Det er mye vatn i Rondane p.g.a. regn og sn\u00f8smelting. Oversv\u00f8mmelse ved butikken. Giverhaugen varslet Bj\u00f8rnvolden om tett stikkrenne og takk for det. Bj\u00f8rnvolden var oppe og tinte stikkrenna, og fikk ledet vatnet riktig.Vegen er kj\u00f8rbar men det kan v\u00e6re litt l\u00f8se kanter s\u00e5 kj\u00f8r forsiktig. Helge er oppe og vil varsle Bj\u00f8rnvolden hvis det skjer noe med vegen. Vi m\u00e5 oppfordre alle til \u00e5 varsle Bj\u00f8rnvolden hvis de ser noe ang\u00e5ende vegen.\u00a0 Vi har alle et ansvar !<\/strong><\/p>\n<p><strong>Med hilsen<\/strong><br \/>\n<strong>Jarl<\/strong><\/p>\n<p><strong>8\/5 &#8211; Nytt om veien :\u00a0 \u00c5pen for personbiltrafikk pr 8\/5.<\/strong> Veien er meget bra, og stikkrenner er ferdig tint. Det er veksevis t\u00f8rt og fuktig langs veien men den er i kj\u00f8rbar stand. Det er fortsatt mye sn\u00f8 i terrenget og den store sn\u00f8smeltingen kommer snart. Det er meldt regn kommende dager og Jarl har l\u00f8pende kontakt med Bj\u00f8rnvolden Maskin. Det vurderes fortl\u00f8pende tiltak etter hvordan sn\u00f8smeltinga g\u00e5r. Forbi vannverkshuset er veien overraskende bra. P\u00e5 parkeringen oppe ved det \u00f8vre pumpehuset har det aldri v\u00e6rt gr\u00f8fter som har tatt vatnet fra regnskyll og sn\u00f8smelting . Effekt av dette vurderes n\u00e5r smeltinga kommer igang for fullt.<\/p>\n<p>Tilleggsinformasjon : (utenfor veglagets ansvar) To stikkrenner p\u00e5 veien til Jakhelln feltet er \u00e5pnet med steam for \u00e5 gj\u00f8re klart til sn\u00f8smelting.<\/p>\n<p>KF<\/p>\n<p>&nbsp;<\/p>\n<p>Velkommen til Ulvangsvegen veglag sin nye hjemmeside.<\/p>\n<p>Informasjon som tidligere l\u00e5 her er n\u00e5 flyttet til respektive mapper.<br \/>\nDet har allerede kommet inn positive tilbakemeldinger. Godt \u00e5 se at<br \/>\nmedlemmer setter pris p\u00e5 denne nye m\u00e5ten \u00e5 gi ut informasjon.<\/p>\n<p>Det har ogs\u00e5 kommet en henvendelse\u00a0vedr. endring av veglagsnavn. Se under vedtekter for oppdatert informasjon p\u00e5 dette.<\/p>\n<p>P\u00e5 vegne av styret :<\/p>\n<p>Kjetil Flaatedal<\/p>\n<p>&nbsp;<\/p>\n","protected":false},"excerpt":{"rendered":"<p>28 Mai 2015 Skade p\u00e5 vei utbedres av entrepren\u00f8r i dag. Begrenset adkomst i ca 4 t. Skaden har oppst\u00e5tt ved r\u00f8r under vei, &#8211; rett etter bommen p\u00e5 vei inn. KF &nbsp; 16 Mai 2015 Vegen er \u00e5pnet. Bruk &hellip; <a href=\"https:\/\/www.ulvangsvegen.no\/?p=25\">Les videre <span class=\"meta-nav\">&rarr;<\/span><\/a><\/p>\n","protected":false},"author":1,"featured_media":0,"comment_status":"closed","ping_status":"closed","sticky":false,"template":"","format":"standard","meta":{"footnotes":""},"categories":[1],"tags":[],"class_list":["post-25","post","type-post","status-publish","format-standard","hentry","category-ukategorisert"],"_links":{"self":[{"href":"https:\/\/www.ulvangsvegen.no\/index.php?rest_route=\/wp\/v2\/posts\/25","targetHints":{"allow":["GET"]}}],"collection":[{"href":"https:\/\/www.ulvangsvegen.no\/index.php?rest_route=\/wp\/v2\/posts"}],"about":[{"href":"https:\/\/www.ulvangsvegen.no\/index.php?rest_route=\/wp\/v2\/types\/post"}],"author":[{"embeddable":true,"href":"https:\/\/www.ulvangsvegen.no\/index.php?rest_route=\/wp\/v2\/users\/1"}],"replies":[{"embeddable":true,"href":"https:\/\/www.ulvangsvegen.no\/index.php?rest_route=%2Fwp%2Fv2%2Fcomments&post=25"}],"version-history":[{"count":124,"href":"https:\/\/www.ulvangsvegen.no\/index.php?rest_route=\/wp\/v2\/posts\/25\/revisions"}],"predecessor-version":[{"id":26,"href":"https:\/\/www.ulvangsvegen.no\/index.php?rest_route=\/wp\/v2\/posts\/25\/revisions\/26"}],"wp:attachment":[{"href":"https:\/\/www.ulvangsvegen.no\/index.php?rest_route=%2Fwp%2Fv2%2Fmedia&parent=25"}],"wp:term":[{"taxonomy":"category","embeddable":true,"href":"https:\/\/www.ulvangsvegen.no\/index.php?rest_route=%2Fwp%2Fv2%2Fcategories&post=25"},{"taxonomy":"post_tag","embeddable":true,"href":"https:\/\/www.ulvangsvegen.no\/index.php?rest_route=%2Fwp%2Fv2%2Ftags&post=25"}],"curies":[{"name":"wp","href":"https:\/\/api.w.org\/{rel}","templated":true}]}}